{"id":70188,"date":"2025-09-09T08:09:11","date_gmt":"2025-09-09T06:09:11","guid":{"rendered":"https:\/\/cparici.com\/?p=70188"},"modified":"2026-04-26T20:24:23","modified_gmt":"2026-04-26T18:24:23","slug":"opera-garnier","status":"publish","type":"post","link":"https:\/\/cparici.com\/fr\/opera-garnier\/","title":{"rendered":"Op\u00e9ra Garnier"},"content":{"rendered":"\t\t<div data-elementor-type=\"wp-post\" data-elementor-id=\"70188\" class=\"elementor elementor-70188\" data-elementor-post-type=\"post\">\n\t\t\t\t<div class=\"elementor-element elementor-element-e070b71 e-con-full e-flex e-con e-parent\" data-id=\"e070b71\" data-element_type=\"container\" data-e-type=\"container\">\n\t\t\t\t<div class=\"elementor-element elementor-element-a0d8655 elementor-widget elementor-widget-image\" data-id=\"a0d8655\" data-element_type=\"widget\" data-e-type=\"widget\" data-widget_type=\"image.default\">\n\t\t\t\t\t\t\t\t\t\t\t\t\t\t\t<img decoding=\"async\" width=\"1500\" height=\"530\" src=\"https:\/\/cparici.com\/wp-content\/uploads\/2025\/09\/cparici-2025-09-08T101828.473.jpg\" class=\"attachment-full size-full wp-image-70189\" alt=\"Op\u00e9ra Garnier\" srcset=\"https:\/\/cparici.com\/wp-content\/uploads\/2025\/09\/cparici-2025-09-08T101828.473.jpg 1500w, https:\/\/cparici.com\/wp-content\/uploads\/2025\/09\/cparici-2025-09-08T101828.473-300x106.jpg 300w, https:\/\/cparici.com\/wp-content\/uploads\/2025\/09\/cparici-2025-09-08T101828.473-1024x362.jpg 1024w, https:\/\/cparici.com\/wp-content\/uploads\/2025\/09\/cparici-2025-09-08T101828.473-768x271.jpg 768w, https:\/\/cparici.com\/wp-content\/uploads\/2025\/09\/cparici-2025-09-08T101828.473-18x6.jpg 18w, https:\/\/cparici.com\/wp-content\/uploads\/2025\/09\/cparici-2025-09-08T101828.473-590x208.jpg 590w, https:\/\/cparici.com\/wp-content\/uploads\/2025\/09\/cparici-2025-09-08T101828.473-1200x424.jpg 1200w, https:\/\/cparici.com\/wp-content\/uploads\/2025\/09\/cparici-2025-09-08T101828.473-577x204.jpg 577w, https:\/\/cparici.com\/wp-content\/uploads\/2025\/09\/cparici-2025-09-08T101828.473-600x212.jpg 600w\" sizes=\"(max-width: 1500px) 100vw, 1500px\" \/>\t\t\t\t\t\t\t\t\t\t\t\t\t\t\t<\/div>\n\t\t\t\t<\/div>\n\t\t<aside class=\"elementor-element elementor-element-e5dbce7 e-flex e-con-boxed e-con e-parent\" data-id=\"e5dbce7\" data-element_type=\"container\" data-e-type=\"container\">\n\t\t\t\t\t<div class=\"e-con-inner\">\n\t\t\t\t<div class=\"elementor-element elementor-element-27d63a4 elementor-widget elementor-widget-global elementor-global-62046 elementor-widget-eael-advanced-search\" data-id=\"27d63a4\" data-element_type=\"widget\" data-e-type=\"widget\" data-widget_type=\"eael-advanced-search.default\">\n\t\t\t\t\t        <div class=\"eael-adv-search-wrapper\">\n            <div id=\"eael-advanced-search-widget-27d63a4\" class=\"eael-advanced-search-widget\">\n                <form data-settings=\"{&quot;post_per_page&quot;:5,&quot;search_among_taxonomies&quot;:&quot;&quot;,&quot;search_among_sku&quot;:&quot;no&quot;,&quot;show_popular_keyword&quot;:0,&quot;show_category&quot;:0,&quot;show_content_image&quot;:1,&quot;show_search_result_all_results&quot;:0,&quot;result_on_new_tab&quot;:&quot;no&quot;,&quot;show_product_price&quot;:&quot;no&quot;,&quot;include_current_page&quot;:&quot;no&quot;,&quot;orderby&quot;:&quot;default&quot;,&quot;order&quot;:&quot;DESC&quot;,&quot;current_post_id&quot;:70188,&quot;post_type&quot;:[&quot;post&quot;,&quot;listing&quot;]}\" method=\"POST\" name=\"eael-advanced-search-form-27d63a4\" class=\"eael-advanced-search-form eael-advanced-search-form-style-2\">\n                    <div class=\"eael-advanced-search-wrap\">\n                        <span class=\"eael-adv-search-loader\"><\/span>\n                        <span class=\"eael-adv-search-close\"><i class=\"fas fa-times\"><\/i><\/span>\n                        <span class=\"icon \"><i class=\"fas fa-search\"><\/i><\/span>\n\n                        <input type=\"text\"\n                               placeholder=\"Votre destination\"\n                               class=\"eael-advanced-search\" autocomplete=\"off\" name=\"eael_advanced_search\">\n                    <\/div>\n\t\t\t\t\t                                    <\/form>\n\n\t\t\t\t\n\t\t\t\t        <div class=\"eael-advanced-search-result\">\n            <div class=\"eael-advanced-search-popular-keyword\">\n\t\t\t\t<h4 class=\"eael-advanced-search-popular-keyword-text\">Recherches populaires<\/h4>                <div class=\"eael-popular-keyword-content\"><\/div>\n            <\/div>\n            <div class=\"eael-advanced-search-category\">\n\t\t\t\t<h4 class=\"eael-advanced-search-category-text\">Categories<\/h4>                <div class=\"eael-popular-category-content\"><\/div>\n            <\/div>\n\t\t\t<div class=\"eael-advanced-search-total-results-section\">\n\t\t\t\t\t\t\t<\/div>\n            <div class=\"eael-advanced-search-content eael-item-style-3\">\n            <\/div>\n            <div class=\"eael-advanced-search-not-found\">\n                <p>Pas de r\u00e9sultats<\/p><\/div>\n            <div class=\"eael-advanced-search-load-more\">\n\t\t\t\t<a \tclass=\"eael-advanced-search-load-more-button\"\n                \thref=\"#\">Voir tous les r\u00e9sultats<\/a>\n            <\/div>\n        <\/div>\n\n\t\t            <\/div>\n        <\/div>\n\n\t\t\t\t\t\t<\/div>\n\t\t\t\t\t<\/div>\n\t\t\t\t<\/aside>\n\t\t<div class=\"elementor-element elementor-element-2b78d245 e-flex e-con-boxed e-con e-parent\" data-id=\"2b78d245\" data-element_type=\"container\" data-e-type=\"container\">\n\t\t\t\t\t<div class=\"e-con-inner\">\n\t\t\t\t<div class=\"elementor-element elementor-element-6aae8ba7 elementor-widget elementor-widget-text-editor\" data-id=\"6aae8ba7\" data-element_type=\"widget\" data-e-type=\"widget\" data-widget_type=\"text-editor.default\">\n\t\t\t\t\t\t\t\t\t<h1 style=\"text-align: center;\" data-start=\"400\" data-end=\"703\"><strong data-start=\"426\" data-end=\"443\">Op\u00e9ra Garnier<\/strong><\/h1><p data-start=\"400\" data-end=\"703\">Situ\u00e9 au c\u0153ur de <a href=\"https:\/\/cparici.com\/paris\/\">Paris<\/a>, l\u2019<strong data-start=\"426\" data-end=\"443\">op\u00e9ra Garnier<\/strong> est sans doute l\u2019un des monuments les plus embl\u00e9matiques de la capitale fran\u00e7aise. Construit \u00e0 la fin du XIX\u1d49 si\u00e8cle, ce chef-d\u2019\u0153uvre architectural incarne \u00e0 la fois le faste du Second Empire et la passion des Parisiens pour l\u2019art lyrique et chor\u00e9graphique.<\/p><p data-start=\"705\" data-end=\"1068\">Plus qu\u2019une salle de spectacle, l\u2019<strong data-start=\"739\" data-end=\"756\">op\u00e9ra Garnier<\/strong> est un v\u00e9ritable symbole de prestige, attirant chaque ann\u00e9e des centaines de milliers de visiteurs venus admirer son escalier monumental, son plafond peint par Marc Chagall ou encore ses somptueuses dorures. Monument vivant et lieu de m\u00e9moire, il incarne parfaitement l\u2019\u00e9quilibre entre tradition et modernit\u00e9.<\/p><p data-start=\"1070\" data-end=\"1371\">Pour les voyageurs <strong data-start=\"1089\" data-end=\"1100\">du pays<\/strong>, mais aussi pour les touristes du monde entier, l\u2019<strong data-start=\"1151\" data-end=\"1168\">op\u00e9ra Garnier<\/strong> reste une \u00e9tape incontournable lors d\u2019un s\u00e9jour \u00e0 Paris. Sa richesse historique, son d\u00e9cor somptueux et sa place centrale dans la culture fran\u00e7aise en font un joyau patrimonial \u00e0 d\u00e9couvrir absolument.<\/p><article class=\"text-token-text-primary w-full focus:outline-none scroll-mt-[calc(var(--header-height)+min(200px,max(70px,20svh)))]\" dir=\"auto\" tabindex=\"-1\" data-turn-id=\"request-WEB:5faa511f-d9c9-400d-90dc-cd99f4d9b704-44\" data-testid=\"conversation-turn-26\" data-scroll-anchor=\"true\" data-turn=\"assistant\"><div class=\"text-base my-auto mx-auto pb-10 [--thread-content-margin:--spacing(4)] thread-sm:[--thread-content-margin:--spacing(6)] thread-lg:[--thread-content-margin:--spacing(16)] px-(--thread-content-margin)\"><div class=\"[--thread-content-max-width:40rem] thread-sm:[--thread-content-max-width:40rem] thread-lg:[--thread-content-max-width:48rem] mx-auto max-w-(--thread-content-max-width) flex-1 group\/turn-messages focus-visible:outline-hidden relative flex w-full min-w-0 flex-col agent-turn\" tabindex=\"-1\"><div class=\"flex max-w-full flex-col grow\"><div class=\"min-h-8 text-message relative flex w-full flex-col items-end gap-2 text-start break-words whitespace-normal [.text-message+&]:mt-5\" dir=\"auto\" data-message-author-role=\"assistant\" data-message-id=\"8b8c92e6-ce6a-46cc-b289-7a5150fb6f15\" data-message-model-slug=\"gpt-5\"><div class=\"flex w-full flex-col gap-1 empty:hidden first:pt-[3px]\"><div class=\"markdown prose dark:prose-invert w-full break-words light markdown-new-styling\"><h2 data-start=\"113\" data-end=\"167\">Programmation \u00e0 l\u2019Op\u00e9ra Garnier (saison 2025-2026)<\/h2><p data-start=\"169\" data-end=\"351\">La <strong data-start=\"172\" data-end=\"207\">programmation \u00e0 l\u2019Op\u00e9ra Garnier<\/strong> pour la saison 2025-2026 s\u2019annonce prestigieuse et vari\u00e9e, alliant r\u00e9pertoire classique, cr\u00e9ations contemporaines, ballets, op\u00e9ras et concerts.<\/p><p data-start=\"169\" data-end=\"351\"><a href=\"https:\/\/cparici.com\/wp-content\/uploads\/2025\/09\/Opera-Garnier-Programmation.jpg\"><img decoding=\"async\" class=\"aligncenter wp-image-70194 size-full\" src=\"https:\/\/cparici.com\/wp-content\/uploads\/2025\/09\/Opera-Garnier-Programmation.jpg\" alt=\"Op\u00e9ra Garnier Programmation\" width=\"788\" height=\"884\" srcset=\"https:\/\/cparici.com\/wp-content\/uploads\/2025\/09\/Opera-Garnier-Programmation.jpg 788w, https:\/\/cparici.com\/wp-content\/uploads\/2025\/09\/Opera-Garnier-Programmation-267x300.jpg 267w, https:\/\/cparici.com\/wp-content\/uploads\/2025\/09\/Opera-Garnier-Programmation-768x862.jpg 768w, https:\/\/cparici.com\/wp-content\/uploads\/2025\/09\/Opera-Garnier-Programmation-11x12.jpg 11w, https:\/\/cparici.com\/wp-content\/uploads\/2025\/09\/Opera-Garnier-Programmation-526x590.jpg 526w, https:\/\/cparici.com\/wp-content\/uploads\/2025\/09\/Opera-Garnier-Programmation-597x670.jpg 597w, https:\/\/cparici.com\/wp-content\/uploads\/2025\/09\/Opera-Garnier-Programmation-577x647.jpg 577w, https:\/\/cparici.com\/wp-content\/uploads\/2025\/09\/Opera-Garnier-Programmation-600x673.jpg 600w\" sizes=\"(max-width: 788px) 100vw, 788px\" \/><\/a><\/p><h4 data-start=\"353\" data-end=\"394\"><strong data-start=\"358\" data-end=\"394\">Op\u00e9ras majeurs au Palais Garnier<\/strong><\/h4><ul data-start=\"395\" data-end=\"971\"><li data-start=\"395\" data-end=\"593\"><p data-start=\"397\" data-end=\"593\"><strong data-start=\"397\" data-end=\"410\">Ariodante<\/strong> de Georg Friedrich Haendel \u2014 du 16 septembre au 12 octobre 2025. Une production raffin\u00e9e salu\u00e9e pour sa mise en sc\u00e8ne et la direction musicale.<\/p><\/li><li data-start=\"594\" data-end=\"785\"><p data-start=\"596\" data-end=\"785\"><strong data-start=\"596\" data-end=\"619\">Les Noces de Figaro<\/strong> de Mozart \u2014 du 15 novembre au 27 d\u00e9cembre 2025. Une \u0153uvre incontournable du r\u00e9pertoire, port\u00e9e par une distribution remarqu\u00e9e.<\/p><\/li><li data-start=\"786\" data-end=\"971\"><p data-start=\"788\" data-end=\"971\"><strong data-start=\"788\" data-end=\"807\">Eug\u00e8ne On\u00e9guine<\/strong> de Tcha\u00efkovski \u2014 du 26 janvier au 15 f\u00e9vrier 2026, offrant une immersion dans la po\u00e9sie sombre et le drame romantique russe.<\/p><\/li><\/ul><h4 data-start=\"973\" data-end=\"1008\"><strong data-start=\"978\" data-end=\"1008\">Grands ballets \u00e0 d\u00e9couvrir<\/strong><\/h4><ul data-start=\"1009\" data-end=\"1675\"><li data-start=\"1009\" data-end=\"1182\"><p data-start=\"1011\" data-end=\"1182\"><strong data-start=\"1011\" data-end=\"1022\">Giselle<\/strong> (Jean Coralli, Jules Perrot) \u2014 du 28 septembre au 31 octobre 2025, une interpr\u00e9tation classique port\u00e9e par la compagnie.<\/p><\/li><li data-start=\"1183\" data-end=\"1349\"><p data-start=\"1185\" data-end=\"1349\"><strong data-start=\"1185\" data-end=\"1199\">Contrastes<\/strong>, programme contemporain (Trisha Brown, David Dawson, Imre & Marne van Opstal) \u2014 tout le mois de d\u00e9cembre 2025.<\/p><\/li><li data-start=\"1350\" data-end=\"1515\"><p data-start=\"1352\" data-end=\"1515\"><strong data-start=\"1352\" data-end=\"1374\">Requiem for a Rose<\/strong> (Annabelle L\u00f3pez Ochoa, Junior Ballet) \u2014 gala d\u2019ouverture danse, suivi de la suite de ballets vari\u00e9s.<\/p><\/li><li data-start=\"1516\" data-end=\"1675\"><p data-start=\"1518\" data-end=\"1675\"><strong data-start=\"1518\" data-end=\"1529\">Le Parc<\/strong> (Angelin Preljocaj) \u2014 du 3 au 25 f\u00e9vrier 2026, ballet embl\u00e9matique marquant l\u2019esprit contemporain du lieu.<\/p><\/li><\/ul><h4 data-start=\"1677\" data-end=\"1717\"><strong data-start=\"1682\" data-end=\"1717\">Concerts et \u00e9v\u00e9nements musicaux<\/strong><\/h4><ul data-start=\"1718\" data-end=\"2095\"><li data-start=\"1718\" data-end=\"1916\"><p data-start=\"1720\" data-end=\"1916\"><strong data-start=\"1720\" data-end=\"1737\">Midi-Musicaux<\/strong>, concerts de musique de chambre intimes \u2014 quatre dimanches entre novembre 2025 et juin 2026 : 9 novembre, 21 d\u00e9cembre, 22 mars, et 21 juin.<\/p><\/li><li data-start=\"1917\" data-end=\"2095\"><p data-start=\"1919\" data-end=\"2095\"><strong data-start=\"1919\" data-end=\"1974\">Gala des artistes de l\u2019Acad\u00e9mie de l\u2019Op\u00e9ra de Paris<\/strong> \u2014 20 janvier 2026 : talents \u00e9mergents \u00e0 d\u00e9couvrir sur la sc\u00e8ne du Palais Garnier.<\/p><\/li><\/ul><p data-start=\"2102\" data-end=\"2367\">Cette saison c\u00e9l\u00e8bre la richesse du r\u00e9pertoire \u2014 de <strong data-start=\"2154\" data-end=\"2173\">l\u2019op\u00e9ra baroque<\/strong> \u00e0 l\u2019\u0153uvre russe ou Mozartienne \u2014 tout en affirmant une forte pr\u00e9sence <strong data-start=\"2244\" data-end=\"2267\">danse contemporaine<\/strong>. Les amateurs d\u2019arts vivants trouveront au <strong data-start=\"2311\" data-end=\"2329\">Palais Garnier<\/strong> un programme ambitieux et \u00e9clectique.<\/p><p data-start=\"2102\" data-end=\"2367\"><a href=\"https:\/\/cparici.com\/wp-content\/uploads\/2025\/09\/cparici-2025-09-08T101905.163.jpg\"><img decoding=\"async\" class=\"aligncenter wp-image-70191 size-full\" src=\"https:\/\/cparici.com\/wp-content\/uploads\/2025\/09\/cparici-2025-09-08T101905.163.jpg\" alt=\"Op\u00e9ra Garnier\" width=\"1500\" height=\"530\" srcset=\"https:\/\/cparici.com\/wp-content\/uploads\/2025\/09\/cparici-2025-09-08T101905.163.jpg 1500w, https:\/\/cparici.com\/wp-content\/uploads\/2025\/09\/cparici-2025-09-08T101905.163-300x106.jpg 300w, https:\/\/cparici.com\/wp-content\/uploads\/2025\/09\/cparici-2025-09-08T101905.163-1024x362.jpg 1024w, https:\/\/cparici.com\/wp-content\/uploads\/2025\/09\/cparici-2025-09-08T101905.163-768x271.jpg 768w, https:\/\/cparici.com\/wp-content\/uploads\/2025\/09\/cparici-2025-09-08T101905.163-18x6.jpg 18w, https:\/\/cparici.com\/wp-content\/uploads\/2025\/09\/cparici-2025-09-08T101905.163-590x208.jpg 590w, https:\/\/cparici.com\/wp-content\/uploads\/2025\/09\/cparici-2025-09-08T101905.163-1200x424.jpg 1200w, https:\/\/cparici.com\/wp-content\/uploads\/2025\/09\/cparici-2025-09-08T101905.163-577x204.jpg 577w, https:\/\/cparici.com\/wp-content\/uploads\/2025\/09\/cparici-2025-09-08T101905.163-600x212.jpg 600w\" sizes=\"(max-width: 1500px) 100vw, 1500px\" \/><\/a><\/p><\/div><\/div><\/div><\/div><div class=\"flex min-h-[46px] justify-start\"><h3 data-start=\"102\" data-end=\"164\">Tickets Op\u00e9ra Garnier Paris : comment r\u00e9server sa visite<\/h3><p data-start=\"166\" data-end=\"540\">L\u2019achat de <strong data-start=\"177\" data-end=\"217\">tickets pour l\u2019Op\u00e9ra Garnier \u00e0 Paris<\/strong> permet de d\u00e9couvrir l\u2019un des monuments les plus prestigieux de la capitale. Construit au XIX\u1d49 si\u00e8cle par l\u2019architecte Charles Garnier, ce chef-d\u2019\u0153uvre du Second Empire attire chaque ann\u00e9e des milliers de visiteurs venus admirer son grand escalier en marbre, ses dorures \u00e9tincelantes et le plafond peint par Marc Chagall.<\/p><p data-start=\"542\" data-end=\"960\">Les <strong data-start=\"546\" data-end=\"571\">billets Op\u00e9ra Garnier<\/strong> donnent acc\u00e8s <a href=\"https:\/\/www.operadeparis.fr\/billetterie\" rel=\"nofollow noopener\" target=\"_blank\">\u00e0 diff\u00e9rentes exp\u00e9riences<\/a>. Vous pouvez assister \u00e0 un spectacle \u2014 op\u00e9ra, ballet ou concert \u2014 ou simplement r\u00e9server une visite libre ou guid\u00e9e du monument. Les tickets sont disponibles en ligne sur le site officiel de l\u2019Op\u00e9ra de Paris, mais aussi aupr\u00e8s de partenaires touristiques. Il est recommand\u00e9 de r\u00e9server \u00e0 l\u2019avance, surtout pendant les p\u00e9riodes de forte affluence.<\/p><p data-start=\"542\" data-end=\"960\"><a href=\"https:\/\/cparici.com\/wp-content\/uploads\/2025\/09\/Tickets-opera-Garnier.jpg\"><img decoding=\"async\" class=\"aligncenter wp-image-70190 size-full\" src=\"https:\/\/cparici.com\/wp-content\/uploads\/2025\/09\/Tickets-opera-Garnier.jpg\" alt=\"Tickets op\u00e9ra Garnier Paris\" width=\"1624\" height=\"909\" srcset=\"https:\/\/cparici.com\/wp-content\/uploads\/2025\/09\/Tickets-opera-Garnier.jpg 1624w, https:\/\/cparici.com\/wp-content\/uploads\/2025\/09\/Tickets-opera-Garnier-300x168.jpg 300w, https:\/\/cparici.com\/wp-content\/uploads\/2025\/09\/Tickets-opera-Garnier-1024x573.jpg 1024w, https:\/\/cparici.com\/wp-content\/uploads\/2025\/09\/Tickets-opera-Garnier-768x430.jpg 768w, https:\/\/cparici.com\/wp-content\/uploads\/2025\/09\/Tickets-opera-Garnier-1536x860.jpg 1536w, https:\/\/cparici.com\/wp-content\/uploads\/2025\/09\/Tickets-opera-Garnier-18x10.jpg 18w, https:\/\/cparici.com\/wp-content\/uploads\/2025\/09\/Tickets-opera-Garnier-590x330.jpg 590w, https:\/\/cparici.com\/wp-content\/uploads\/2025\/09\/Tickets-opera-Garnier-1197x670.jpg 1197w, https:\/\/cparici.com\/wp-content\/uploads\/2025\/09\/Tickets-opera-Garnier-577x323.jpg 577w, https:\/\/cparici.com\/wp-content\/uploads\/2025\/09\/Tickets-opera-Garnier-1200x672.jpg 1200w, https:\/\/cparici.com\/wp-content\/uploads\/2025\/09\/Tickets-opera-Garnier-600x336.jpg 600w\" sizes=\"(max-width: 1624px) 100vw, 1624px\" \/><\/a><\/p><p data-start=\"962\" data-end=\"1161\">Le prix des tickets varie selon le type de prestation : visites simples, visites guid\u00e9es, spectacles en soir\u00e9e ou \u00e9v\u00e9nements sp\u00e9ciaux. Des r\u00e9ductions existent pour les jeunes, \u00e9tudiants et groupes.<\/p><p data-start=\"1163\" data-end=\"1400\">Que vous soyez amateur de musique, passionn\u00e9 d\u2019architecture ou simple visiteur curieux, acheter vos <strong data-start=\"1263\" data-end=\"1303\">tickets pour l\u2019Op\u00e9ra Garnier \u00e0 Paris<\/strong> est la garantie d\u2019une immersion unique dans l\u2019un des plus beaux monuments de la Ville Lumi\u00e8re.<\/p><\/div><\/div><\/div><\/article><h2 data-start=\"68\" data-end=\"118\">Histoire de l\u2019Op\u00e9ra Garnier \u2013 une commande imp\u00e9riale et une \u0153uvre de l\u00e9gende<\/h2><p data-start=\"120\" data-end=\"464\">L\u2019<strong data-start=\"122\" data-end=\"139\">op\u00e9ra Garnier<\/strong> trouve son origine dans la volont\u00e9 de Napol\u00e9on III de doter Paris d\u2019un \u00e9difice monumental consacr\u00e9 \u00e0 l\u2019art lyrique et au ballet. Dans le contexte des grands travaux d\u2019Haussmann, l\u2019empereur souhaite offrir \u00e0 la capitale un op\u00e9ra \u00e0 la fois moderne, prestigieux et digne de rivaliser avec les plus grandes salles europ\u00e9ennes.<\/p><p data-start=\"466\" data-end=\"770\">En 1860, un concours d\u2019architecture est lanc\u00e9. Parmi les 170 projets pr\u00e9sent\u00e9s, c\u2019est celui d\u2019un jeune architecte encore m\u00e9connu, <strong data-start=\"596\" data-end=\"615\">Charles Garnier<\/strong>, qui est retenu. Son projet audacieux combine une structure innovante et une d\u00e9coration fastueuse, parfaitement en phase avec l\u2019esprit du Second Empire.<\/p><p data-start=\"772\" data-end=\"1062\">La construction de l\u2019<strong data-start=\"793\" data-end=\"810\">op\u00e9ra Garnier<\/strong> d\u00e9bute en 1861 mais se heurte \u00e0 de nombreux obstacles. La guerre de 1870, la chute du Second Empire et la Commune de Paris retardent consid\u00e9rablement le chantier. Malgr\u00e9 ces difficult\u00e9s, Garnier poursuit son \u0153uvre avec une d\u00e9termination remarquable.<\/p><p data-start=\"1064\" data-end=\"1433\">Finalement, le b\u00e2timent est inaugur\u00e9 le 5 janvier 1875, sous la Troisi\u00e8me R\u00e9publique. La c\u00e9r\u00e9monie, pr\u00e9sid\u00e9e par le mar\u00e9chal de Mac Mahon, marque l\u2019ach\u00e8vement de 14 ann\u00e9es de travaux. D\u00e8s son ouverture, l\u2019<strong data-start=\"1269\" data-end=\"1286\">op\u00e9ra Garnier<\/strong> s\u2019impose comme un monument phare de la capitale, c\u00e9l\u00e9br\u00e9 pour son architecture somptueuse et son r\u00f4le central dans la vie culturelle parisienne.<\/p><h2 data-start=\"78\" data-end=\"127\">Style architectural : \u00e9clectisme et modernit\u00e9<\/h2><p data-start=\"129\" data-end=\"455\">Le style de l\u2019<strong data-start=\"143\" data-end=\"160\">op\u00e9ra Garnier<\/strong> est l\u2019un des exemples les plus aboutis de ce que l\u2019on appelle l\u2019<strong data-start=\"225\" data-end=\"239\">\u00e9clectisme<\/strong> du XIX\u1d49 si\u00e8cle. Charles Garnier, en concevant son projet, choisit de m\u00ealer plusieurs influences artistiques \u2013 baroque, classique et Renaissance \u2013 pour cr\u00e9er une \u0153uvre unique, symbole du faste du <strong data-start=\"435\" data-end=\"452\">Second Empire<\/strong>.<\/p><p data-start=\"457\" data-end=\"856\">Cette audace architecturale r\u00e9pondait \u00e0 un objectif clair : impressionner et \u00e9merveiller le spectateur d\u00e8s son arriv\u00e9e. L\u2019<strong data-start=\"579\" data-end=\"596\">op\u00e9ra Garnier<\/strong> devait \u00eatre un monument total, o\u00f9 chaque d\u00e9tail \u2013 colonnes, sculptures, dorures, fresques \u2013 participerait \u00e0 une mise en sc\u00e8ne grandiose. C\u2019est ainsi qu\u2019il est devenu un v\u00e9ritable \u201cpalais des arts\u201d, \u00e0 la fois salle de spectacle et chef-d\u2019\u0153uvre architectural.<\/p><p data-start=\"858\" data-end=\"1289\">Mais au-del\u00e0 de cette richesse d\u00e9corative, l\u2019<strong data-start=\"903\" data-end=\"920\">op\u00e9ra Garnier<\/strong> cache une grande modernit\u00e9. Derri\u00e8re les marbres et les dorures, Garnier utilisa des techniques innovantes pour l\u2019\u00e9poque, notamment une ossature m\u00e9tallique et des structures en fonte, garantissant solidit\u00e9 et durabilit\u00e9. Cette combinaison d\u2019apparat et d\u2019innovation illustre parfaitement l\u2019esprit du XIX\u1d49 si\u00e8cle, o\u00f9 tradition et progr\u00e8s technologique s\u2019entrem\u00ealaient.<\/p><p data-start=\"1291\" data-end=\"1484\">Aujourd\u2019hui encore, ce style <strong data-start=\"1320\" data-end=\"1336\">Napol\u00e9on III<\/strong> reste embl\u00e9matique de Paris et conf\u00e8re \u00e0 l\u2019<strong data-start=\"1380\" data-end=\"1397\">op\u00e9ra Garnier<\/strong> une aura singuli\u00e8re, m\u00ealant prestige historique et vision artistique avant-gardiste.<\/p><h2 data-start=\"63\" data-end=\"131\">Un d\u00e9cor foisonnant : fa\u00e7ades, sculptures et int\u00e9rieur somptueux<\/h2><p data-start=\"133\" data-end=\"390\">L\u2019<strong data-start=\"135\" data-end=\"152\">op\u00e9ra Garnier<\/strong> est un v\u00e9ritable temple des arts, o\u00f9 chaque fa\u00e7ade, chaque couloir et chaque salle est con\u00e7u comme une \u0153uvre d\u2019art \u00e0 part enti\u00e8re. D\u00e8s l\u2019ext\u00e9rieur, le monument impressionne par son abondance de d\u00e9tails et son souci de la mise en sc\u00e8ne.<\/p><h3 data-start=\"392\" data-end=\"419\">La fa\u00e7ade monumentale<\/h3><p data-start=\"420\" data-end=\"970\">La fa\u00e7ade principale de l\u2019<strong data-start=\"446\" data-end=\"463\">op\u00e9ra Garnier<\/strong>, tourn\u00e9e vers la place de l\u2019Op\u00e9ra, est orn\u00e9e de colonnes corinthiennes, de frises et de statues all\u00e9goriques. Les sculptures r\u00e9alis\u00e9es par Carpeaux, Jouffroy ou Guillaume repr\u00e9sentent des th\u00e8mes li\u00e9s \u00e0 la musique, \u00e0 la danse et \u00e0 l\u2019harmonie. On y trouve \u00e9galement des bustes de compositeurs c\u00e9l\u00e8bres comme Mozart, Beethoven ou Rossini, qui rappellent la vocation musicale de l\u2019\u00e9difice. Chaque \u00e9l\u00e9ment architectural vise \u00e0 cr\u00e9er une atmosph\u00e8re grandiose avant m\u00eame que le spectateur franchisse les portes.<\/p><h3 data-start=\"972\" data-end=\"995\">Le grand escalier<\/h3><p data-start=\"996\" data-end=\"1413\">\u00c0 l\u2019int\u00e9rieur, le visiteur est accueilli par le majestueux escalier d\u2019honneur en marbre polychrome. V\u00e9ritable chef-d\u2019\u0153uvre du b\u00e2timent, il est entour\u00e9 de balustrades sculpt\u00e9es, de colonnes de marbre et de torch\u00e8res en bronze. Cet escalier ne servait pas seulement \u00e0 acc\u00e9der aux loges et aux balcons : il \u00e9tait pens\u00e9 comme un lieu de repr\u00e9sentation sociale, o\u00f9 les spectateurs se montraient dans toute leur \u00e9l\u00e9gance.<\/p><h3 data-start=\"1415\" data-end=\"1442\">La salle de spectacle<\/h3><p data-start=\"1443\" data-end=\"1806\">La salle de l\u2019<strong data-start=\"1457\" data-end=\"1474\">op\u00e9ra Garnier<\/strong> adopte la forme d\u2019un fer \u00e0 cheval, inspir\u00e9e des grands th\u00e9\u00e2tres italiens. Pouvant accueillir environ 2 000 spectateurs, elle est d\u00e9cor\u00e9e de velours rouge, de dorures \u00e9tincelantes et d\u2019un immense lustre de cristal pesant plus de 6 tonnes. Ce lustre, suspendu au plafond, est devenu l\u2019un des symboles les plus c\u00e9l\u00e8bres du monument.<\/p><h3 data-start=\"1808\" data-end=\"1835\">Le plafond de Chagall<\/h3><p data-start=\"1836\" data-end=\"2177\">En 1964, l\u2019artiste <strong data-start=\"1855\" data-end=\"1871\">Marc Chagall<\/strong> est invit\u00e9 \u00e0 peindre un nouveau plafond pour la salle. Ses fresques color\u00e9es repr\u00e9sentent des sc\u00e8nes inspir\u00e9es de grands op\u00e9ras \u2013 de Mozart \u00e0 Wagner en passant par Ravel. Ce plafond, d\u2019un style r\u00e9solument moderne, cr\u00e9e un contraste audacieux avec le d\u00e9cor classique, tout en renfor\u00e7ant la magie du lieu.<\/p><p data-start=\"2179\" data-end=\"2413\">L\u2019ensemble de ces d\u00e9cors \u2013 fa\u00e7ades sculpt\u00e9es, grand escalier, salle fastueuse et plafond de Chagall \u2013 fait de l\u2019<strong data-start=\"2291\" data-end=\"2308\">op\u00e9ra Garnier<\/strong> un v\u00e9ritable mus\u00e9e vivant, o\u00f9 l\u2019architecture et l\u2019art se rencontrent pour \u00e9merveiller les spectateurs.<\/p><h2 data-start=\"82\" data-end=\"120\">Techniques innovantes et coulisses<\/h2><p data-start=\"122\" data-end=\"355\">Derri\u00e8re son apparat somptueux, l\u2019<strong data-start=\"156\" data-end=\"173\">op\u00e9ra Garnier<\/strong> cache une v\u00e9ritable prouesse technique. Charles Garnier ne s\u2019est pas content\u00e9 de cr\u00e9er un d\u00e9cor fastueux, il a aussi con\u00e7u un b\u00e2timent \u00e0 la pointe de l\u2019innovation pour son \u00e9poque.<\/p><h3 data-start=\"357\" data-end=\"385\">Le d\u00e9fi des fondations<\/h3><p data-start=\"386\" data-end=\"878\">L\u2019un des grands d\u00e9fis de la construction de l\u2019<strong data-start=\"432\" data-end=\"449\">op\u00e9ra Garnier<\/strong> fut la pr\u00e9sence d\u2019une nappe phr\u00e9atique sous le terrain choisi. Pour stabiliser l\u2019\u00e9difice, Garnier imagina un syst\u00e8me de cuvelage qui permettait de contenir l\u2019eau et de garantir la solidit\u00e9 du b\u00e2timent. Ce bassin souterrain a aliment\u00e9 la l\u00e9gende du \u00ab lac \u00bb de l\u2019op\u00e9ra, immortalis\u00e9 par le roman <em data-start=\"743\" data-end=\"766\">Le Fant\u00f4me de l\u2019Op\u00e9ra<\/em> de Gaston Leroux. Encore aujourd\u2019hui, ce r\u00e9servoir existe et sert aux pompiers de Paris pour leurs exercices.<\/p><h3 data-start=\"880\" data-end=\"908\">La machinerie de sc\u00e8ne<\/h3><p data-start=\"909\" data-end=\"1310\">L\u2019<strong data-start=\"911\" data-end=\"928\">op\u00e9ra Garnier<\/strong> fut \u00e9quip\u00e9 d\u2019une machinerie spectaculaire qui permettait de hisser, descendre ou faire pivoter rapidement les d\u00e9cors. Gr\u00e2ce \u00e0 un syst\u00e8me de poulies, de contrepoids et de tambours, les changements de d\u00e9cor pouvaient se faire en quelques instants, rendant possibles des mises en sc\u00e8ne grandioses. \u00c0 l\u2019\u00e9poque, cette machinerie repr\u00e9sentait une r\u00e9volution dans le monde du spectacle.<\/p><h3 data-start=\"1312\" data-end=\"1359\">L\u2019\u00e9lectricit\u00e9 et les innovations modernes<\/h3><p data-start=\"1360\" data-end=\"1710\">Le monument fut \u00e9galement l\u2019un des premiers \u00e0 adopter l\u2019\u00e9lectricit\u00e9 pour son \u00e9clairage. Le grand lustre, pesant plus de six tonnes, fut \u00e9quip\u00e9 d\u2019ampoules \u00e9lectriques \u00e0 la fin du XIX\u1d49 si\u00e8cle, renfor\u00e7ant l\u2019image de modernit\u00e9 de l\u2019\u00e9difice. Cette innovation contribua \u00e0 faire de l\u2019<strong data-start=\"1637\" data-end=\"1654\">op\u00e9ra Garnier<\/strong> une vitrine du progr\u00e8s technique autant que de l\u2019art.<\/p><p data-start=\"1712\" data-end=\"1954\">Ces innovations, invisibles pour la plupart des spectateurs, ont contribu\u00e9 \u00e0 la renomm\u00e9e de l\u2019<strong data-start=\"1806\" data-end=\"1823\">op\u00e9ra Garnier<\/strong> en tant que monument \u00e0 la fois artistique et technologique, o\u00f9 chaque d\u00e9tail est pens\u00e9 pour magnifier l\u2019exp\u00e9rience du spectacle.<\/p><h2 data-start=\"78\" data-end=\"123\">Un joyau du patrimoine ouvert au public<\/h2><p data-start=\"125\" data-end=\"471\">L\u2019<strong data-start=\"127\" data-end=\"144\">op\u00e9ra Garnier<\/strong> n\u2019est pas seulement un haut lieu de l\u2019art lyrique et chor\u00e9graphique : il est aussi devenu l\u2019un des monuments les plus visit\u00e9s de Paris. Chaque ann\u00e9e, des centaines de milliers de visiteurs viennent d\u00e9couvrir ses d\u00e9cors somptueux, son grand escalier et son plafond sign\u00e9 Marc Chagall, m\u00eame sans assister \u00e0 une repr\u00e9sentation.<\/p><h3 data-start=\"473\" data-end=\"513\">Un site touristique incontournable<\/h3><p data-start=\"514\" data-end=\"930\">Class\u00e9 <strong data-start=\"521\" data-end=\"544\">monument historique<\/strong>, l\u2019<strong data-start=\"548\" data-end=\"565\">op\u00e9ra Garnier<\/strong> est aujourd\u2019hui l\u2019une des attractions les plus pris\u00e9es de la capitale, au m\u00eame titre que la Tour Eiffel ou le Louvre. Situ\u00e9 en plein c\u0153ur de Paris, il est accessible \u00e0 tous et constitue une \u00e9tape culturelle majeure pour les touristes comme pour les habitants. Son prestige, associ\u00e9 \u00e0 son r\u00f4le artistique, en fait un symbole incontournable du patrimoine fran\u00e7ais.<\/p><h3 data-start=\"932\" data-end=\"967\">Les visites guid\u00e9es et libres<\/h3><p data-start=\"968\" data-end=\"1368\">L\u2019<strong data-start=\"970\" data-end=\"987\">op\u00e9ra Garnier<\/strong> propose <a href=\"https:\/\/www.operadeparis.fr\/visites\/palais-garnier\" target=\"_blank\" rel=\"noopener\">des visites libres, avec audioguide<\/a>, permettant aux visiteurs de fl\u00e2ner dans les foyers, la salle et le grand escalier. Des visites guid\u00e9es sont \u00e9galement organis\u00e9es, offrant un r\u00e9cit d\u00e9taill\u00e9 de son histoire, de son architecture et de ses anecdotes. Ces visites permettent d\u2019acc\u00e9der \u00e0 des espaces habituellement ferm\u00e9s au public et de mieux comprendre l\u2019esprit du lieu.<\/p><h3 data-start=\"1370\" data-end=\"1413\">Un lieu d\u2019\u00e9v\u00e9nements et d\u2019expositions<\/h3><p data-start=\"1414\" data-end=\"1766\">En plus des spectacles, l\u2019<strong data-start=\"1440\" data-end=\"1457\">op\u00e9ra Garnier<\/strong> accueille r\u00e9guli\u00e8rement des expositions temporaires et des \u00e9v\u00e9nements culturels, qui renforcent son r\u00f4le de carrefour artistique. Lors des <strong data-start=\"1597\" data-end=\"1623\">Journ\u00e9es du patrimoine<\/strong>, ses coulisses s\u2019ouvrent exceptionnellement, permettant aux visiteurs de d\u00e9couvrir les dessous d\u2019une des plus prestigieuses salles du monde.<\/p><p data-start=\"1768\" data-end=\"2012\">L\u2019<strong data-start=\"1770\" data-end=\"1787\">op\u00e9ra Garnier<\/strong> ne se contente donc pas de briller par ses repr\u00e9sentations : il est un v\u00e9ritable <strong data-start=\"1869\" data-end=\"1885\">mus\u00e9e vivant<\/strong>, ouvert aux publics et inscrit dans l\u2019offre culturelle parisienne, participant pleinement \u00e0 la vitalit\u00e9 de la ville lumi\u00e8re.<\/p><h2 data-start=\"67\" data-end=\"109\">H\u00e9ritage culturel et statut symbolique<\/h2><p data-start=\"111\" data-end=\"408\">L\u2019<strong data-start=\"113\" data-end=\"130\">op\u00e9ra Garnier<\/strong> est bien plus qu\u2019un simple b\u00e2timent : il incarne l\u2019\u00e2me artistique de Paris et repr\u00e9sente l\u2019excellence de la culture fran\u00e7aise dans le monde entier. Son prestige r\u00e9side autant dans sa beaut\u00e9 architecturale que dans sa place centrale dans l\u2019histoire des arts et des spectacles.<\/p><h3 data-start=\"410\" data-end=\"443\">Un symbole du Second Empire<\/h3><p data-start=\"444\" data-end=\"863\">Construit \u00e0 l\u2019initiative de Napol\u00e9on III et inaugur\u00e9 sous la Troisi\u00e8me R\u00e9publique, l\u2019<strong data-start=\"529\" data-end=\"546\">op\u00e9ra Garnier<\/strong> est l\u2019un des derniers grands t\u00e9moignages du faste du <strong data-start=\"600\" data-end=\"617\">Second Empire<\/strong>. Son style \u00e9clectique, sa d\u00e9coration luxueuse et son ambition monumentale en font un v\u00e9ritable manifeste architectural de cette \u00e9poque. \u00c0 travers lui, c\u2019est toute une vision de Paris comme capitale de la culture et de l\u2019\u00e9l\u00e9gance qui s\u2019exprime.<\/p><h3 data-start=\"865\" data-end=\"906\">Une source d\u2019inspiration artistique<\/h3><p data-start=\"907\" data-end=\"1351\">L\u2019<strong data-start=\"909\" data-end=\"926\">op\u00e9ra Garnier<\/strong> a inspir\u00e9 des g\u00e9n\u00e9rations d\u2019artistes, d\u2019\u00e9crivains et de cin\u00e9astes. Le plus c\u00e9l\u00e8bre exemple reste sans doute le roman <em data-start=\"1044\" data-end=\"1067\">Le Fant\u00f4me de l\u2019Op\u00e9ra<\/em> de Gaston Leroux, publi\u00e9 en 1910, qui popularisa la l\u00e9gende du lac souterrain et fit entrer le monument dans l\u2019imaginaire collectif mondial. Adapt\u00e9 au cin\u00e9ma, \u00e0 la t\u00e9l\u00e9vision et en com\u00e9die musicale, ce r\u00e9cit a contribu\u00e9 \u00e0 nourrir le myst\u00e8re et la fascination entourant le monument.<\/p><h3 data-start=\"1353\" data-end=\"1391\">Un patrimoine vivant et \u00e9volutif<\/h3><p data-start=\"1392\" data-end=\"1695\">L\u2019<strong data-start=\"1394\" data-end=\"1411\">op\u00e9ra Garnier<\/strong> n\u2019est pas fig\u00e9 dans le pass\u00e9. L\u2019ajout du plafond peint par <strong data-start=\"1471\" data-end=\"1487\">Marc Chagall<\/strong> en 1964 illustre cette capacit\u00e9 \u00e0 associer patrimoine et cr\u00e9ation contemporaine. Ce dialogue entre l\u2019ancien et le moderne conf\u00e8re au lieu une vitalit\u00e9 particuli\u00e8re, qui continue d\u2019attirer et d\u2019\u00e9merveiller.<\/p><p data-start=\"1697\" data-end=\"1902\">Aujourd\u2019hui, l\u2019<strong data-start=\"1712\" data-end=\"1729\">op\u00e9ra Garnier<\/strong> reste un symbole de prestige, un joyau patrimonial qui incarne la grandeur de Paris et qui, au-del\u00e0 de son r\u00f4le artistique, repr\u00e9sente l\u2019identit\u00e9 culturelle de la France.<\/p><article class=\"text-token-text-primary w-full focus:outline-none scroll-mt-[calc(var(--header-height)+min(200px,max(70px,20svh)))]\" dir=\"auto\" tabindex=\"-1\" data-turn-id=\"request-WEB:5faa511f-d9c9-400d-90dc-cd99f4d9b704-42\" data-testid=\"conversation-turn-22\" data-scroll-anchor=\"false\" data-turn=\"assistant\"><div class=\"text-base my-auto mx-auto [--thread-content-margin:--spacing(4)] thread-sm:[--thread-content-margin:--spacing(6)] thread-lg:[--thread-content-margin:--spacing(16)] px-(--thread-content-margin)\"><div class=\"[--thread-content-max-width:40rem] thread-sm:[--thread-content-max-width:40rem] thread-lg:[--thread-content-max-width:48rem] mx-auto max-w-(--thread-content-max-width) flex-1 group\/turn-messages focus-visible:outline-hidden relative flex w-full min-w-0 flex-col agent-turn\" tabindex=\"-1\"><div class=\"flex max-w-full flex-col grow\"><div class=\"min-h-8 text-message relative flex w-full flex-col items-end gap-2 text-start break-words whitespace-normal [.text-message+&]:mt-5\" dir=\"auto\" data-message-author-role=\"assistant\" data-message-id=\"06eb8e29-4f58-405b-9d8d-59b1f9660b2f\" data-message-model-slug=\"gpt-5\"><div class=\"flex w-full flex-col gap-1 empty:hidden first:pt-[3px]\"><div class=\"markdown prose dark:prose-invert w-full break-words light markdown-new-styling\"><h2 data-start=\"132\" data-end=\"181\">Foire aux questions (FAQ) sur l\u2019op\u00e9ra Garnier<\/h2><h3 data-start=\"183\" data-end=\"227\">O\u00f9 se trouve l\u2019op\u00e9ra Garnier \u00e0 Paris ?<\/h3><p data-start=\"228\" data-end=\"447\">L\u2019<strong data-start=\"230\" data-end=\"247\">op\u00e9ra Garnier<\/strong> est situ\u00e9 dans le 9\u1d49 arrondissement de Paris, place de l\u2019Op\u00e9ra. Sa localisation centrale, entre le boulevard Haussmann et la rue de la Paix, en fait un monument facilement accessible aux visiteurs.<\/p><h3 data-start=\"449\" data-end=\"523\">Quelle est la diff\u00e9rence entre l\u2019op\u00e9ra Garnier et l\u2019op\u00e9ra Bastille ?<\/h3><p data-start=\"524\" data-end=\"821\">L\u2019<strong data-start=\"526\" data-end=\"543\">op\u00e9ra Garnier<\/strong> est un monument historique du XIX\u1d49 si\u00e8cle, construit dans un style \u00e9clectique et orn\u00e9 de d\u00e9cors somptueux. L\u2019<strong data-start=\"653\" data-end=\"671\">op\u00e9ra Bastille<\/strong>, inaugur\u00e9 en 1989, est une salle moderne d\u00e9di\u00e9e aux grandes productions, offrant une capacit\u00e9 bien plus importante et une acoustique contemporaine.<\/p><h3 data-start=\"823\" data-end=\"891\">Peut-on visiter l\u2019op\u00e9ra Garnier sans assister \u00e0 un spectacle ?<\/h3><p data-start=\"892\" data-end=\"1122\">Oui, il est tout \u00e0 fait possible de visiter l\u2019<strong data-start=\"938\" data-end=\"955\">op\u00e9ra Garnier<\/strong> en journ\u00e9e. Des visites libres, guid\u00e9es et m\u00eame nocturnes sont propos\u00e9es, permettant d\u2019admirer l\u2019architecture, le grand escalier, le foyer et la salle de spectacle.<\/p><h3 data-start=\"1124\" data-end=\"1186\">Combien de spectateurs peut accueillir l\u2019op\u00e9ra Garnier ?<\/h3><p data-start=\"1187\" data-end=\"1330\">La salle de l\u2019<strong data-start=\"1201\" data-end=\"1218\">op\u00e9ra Garnier<\/strong> peut accueillir environ 2 000 spectateurs r\u00e9partis sur plusieurs niveaux, des loges aux galeries sup\u00e9rieures.<\/p><h3 data-start=\"1332\" data-end=\"1393\">Pourquoi le plafond de l\u2019op\u00e9ra Garnier est-il c\u00e9l\u00e8bre ?<\/h3><p data-start=\"1394\" data-end=\"1629\">Le plafond de la salle a \u00e9t\u00e9 peint en 1964 par <strong data-start=\"1441\" data-end=\"1457\">Marc Chagall<\/strong>. Cette fresque color\u00e9e, repr\u00e9sentant des sc\u00e8nes d\u2019op\u00e9ras c\u00e9l\u00e8bres, cr\u00e9e un contraste audacieux avec la d\u00e9coration classique et est devenue l\u2019un des symboles du monument.<\/p><h3 data-start=\"1631\" data-end=\"1689\">Quel est le style architectural de l\u2019op\u00e9ra Garnier ?<\/h3><p data-start=\"1690\" data-end=\"1902\">L\u2019<strong data-start=\"1692\" data-end=\"1709\">op\u00e9ra Garnier<\/strong> est un exemple majeur du style <strong data-start=\"1741\" data-end=\"1755\">\u00e9clectique<\/strong> et <strong data-start=\"1759\" data-end=\"1775\">Napol\u00e9on III<\/strong>, qui combine des influences baroques, classiques et Renaissance avec des innovations techniques comme l\u2019ossature m\u00e9tallique.<\/p><h3 data-start=\"1904\" data-end=\"1970\">Quelle est la l\u00e9gende du lac souterrain de l\u2019op\u00e9ra Garnier ?<\/h3><p data-start=\"1971\" data-end=\"2158\">Sous l\u2019<strong data-start=\"1978\" data-end=\"1995\">op\u00e9ra Garnier<\/strong> se trouve un bassin destin\u00e9 \u00e0 contenir la nappe phr\u00e9atique. Ce lieu myst\u00e9rieux a inspir\u00e9 la l\u00e9gende du \u00ab lac \u00bb popularis\u00e9e par le roman <em data-start=\"2132\" data-end=\"2155\">Le Fant\u00f4me de l\u2019Op\u00e9ra<\/em>.<\/p><h3 data-start=\"2160\" data-end=\"2229\">Quels spectacles sont pr\u00e9sent\u00e9s \u00e0 l\u2019op\u00e9ra Garnier aujourd\u2019hui ?<\/h3><p data-start=\"2230\" data-end=\"2440\">L\u2019<strong data-start=\"2232\" data-end=\"2249\">op\u00e9ra Garnier<\/strong> accueille principalement des ballets de l\u2019Op\u00e9ra national de Paris, ainsi que des concerts et r\u00e9citals. Les grandes productions lyriques sont, quant \u00e0 elles, programm\u00e9es \u00e0 l\u2019op\u00e9ra Bastille.<\/p><\/div><\/div><\/div><\/div><\/div><\/div><\/article><article class=\"text-token-text-primary w-full focus:outline-none scroll-mt-[calc(var(--header-height)+min(200px,max(70px,20svh)))]\" dir=\"auto\" tabindex=\"-1\" data-turn-id=\"request-WEB:5faa511f-d9c9-400d-90dc-cd99f4d9b704-43\" data-testid=\"conversation-turn-24\" data-scroll-anchor=\"true\" data-turn=\"assistant\"><div class=\"text-base my-auto mx-auto pb-10 [--thread-content-margin:--spacing(4)] thread-sm:[--thread-content-margin:--spacing(6)] thread-lg:[--thread-content-margin:--spacing(16)] px-(--thread-content-margin)\"><div class=\"[--thread-content-max-width:40rem] thread-sm:[--thread-content-max-width:40rem] thread-lg:[--thread-content-max-width:48rem] mx-auto max-w-(--thread-content-max-width) flex-1 group\/turn-messages focus-visible:outline-hidden relative flex w-full min-w-0 flex-col agent-turn\" tabindex=\"-1\"><div class=\"flex max-w-full flex-col grow\"><div class=\"min-h-8 text-message relative flex w-full flex-col items-end gap-2 text-start break-words whitespace-normal [.text-message+&]:mt-5\" dir=\"auto\" data-message-author-role=\"assistant\" data-message-id=\"50d50854-ef93-44dc-88da-ccdf4e7bd9d3\" data-message-model-slug=\"gpt-5\"><div class=\"flex w-full flex-col gap-1 empty:hidden first:pt-[3px]\"><div class=\"markdown prose dark:prose-invert w-full break-words light markdown-new-styling\"><h2 data-start=\"90\" data-end=\"104\">Conclusion<\/h2><p data-start=\"106\" data-end=\"446\">Chef-d\u2019\u0153uvre de l\u2019architecture parisienne, l\u2019<strong data-start=\"151\" data-end=\"168\">op\u00e9ra Garnier<\/strong> incarne \u00e0 la fois le faste du Second Empire et l\u2019audace d\u2019une \u00e9poque tourn\u00e9e vers l\u2019innovation. Con\u00e7u par Charles Garnier et inaugur\u00e9 en 1875, il est devenu bien plus qu\u2019une salle de spectacle : un <strong data-start=\"367\" data-end=\"402\">symbole culturel et patrimonial<\/strong> qui continue d\u2019inspirer et d\u2019\u00e9merveiller.<\/p><p data-start=\"448\" data-end=\"746\">Ses fa\u00e7ades monumentales, son grand escalier de marbre, sa salle somptueuse domin\u00e9e par le lustre et le plafond de Chagall en font un lieu unique au monde. Mais au-del\u00e0 de son d\u00e9cor, l\u2019<strong data-start=\"633\" data-end=\"650\">op\u00e9ra Garnier<\/strong> demeure vivant, accueillant ballets, concerts et visiteurs venus d\u00e9couvrir ce joyau parisien.<\/p><p data-start=\"748\" data-end=\"928\">Incontournable pour qui souhaite comprendre l\u2019histoire, l\u2019art et la grandeur de la capitale, l\u2019<strong data-start=\"843\" data-end=\"860\">op\u00e9ra Garnier<\/strong> est et restera l\u2019un des monuments les plus prestigieux de France.<\/p><\/div><\/div><\/div><\/div><\/div><\/div><\/article>\t\t\t\t\t\t\t\t<\/div>\n\t\t\t\t\t<\/div>\n\t\t\t\t<\/div>\n\t\t<aside class=\"elementor-element elementor-element-86d08f9 e-flex e-con-boxed e-con e-parent\" data-id=\"86d08f9\" data-element_type=\"container\" data-e-type=\"container\">\n\t\t\t\t\t<div class=\"e-con-inner\">\n\t\t\t\t<div class=\"elementor-element elementor-element-9ca07ba elementor-widget elementor-widget-listeo-posts-grid\" data-id=\"9ca07ba\" data-element_type=\"widget\" data-e-type=\"widget\" data-widget_type=\"listeo-posts-grid.default\">\n\t\t\t\t<div class=\"elementor-widget-container\">\n\t\t\t\t\t\t\t\n\t\t<div class=\"listeo-post-grid-wrapper\">\n\t\t\t<div class=\"row\">\n\n\t\t\t\n\n\t\t\t\t\t\t\t<div class=\"col-md-4\">\n                <a href=\"https:\/\/cparici.com\/fr\/avenue-montaigne\/\" class=\"blog-compact-item-container\">\n                    <div class=\"blog-compact-item\">\n                        <img decoding=\"async\" width=\"577\" height=\"204\" src=\"https:\/\/cparici.com\/wp-content\/uploads\/2024\/09\/avenue-montaigne.jpg\" class=\"attachment-listeo-blog-related-post size-listeo-blog-related-post wp-post-image\" alt=\"avenue montaigne\" srcset=\"https:\/\/cparici.com\/wp-content\/uploads\/2024\/09\/avenue-montaigne.jpg 1500w, https:\/\/cparici.com\/wp-content\/uploads\/2024\/09\/avenue-montaigne-600x212.jpg 600w, https:\/\/cparici.com\/wp-content\/uploads\/2024\/09\/avenue-montaigne-300x106.jpg 300w, https:\/\/cparici.com\/wp-content\/uploads\/2024\/09\/avenue-montaigne-1024x362.jpg 1024w, https:\/\/cparici.com\/wp-content\/uploads\/2024\/09\/avenue-montaigne-768x271.jpg 768w\" sizes=\"(max-width: 577px) 100vw, 577px\" \/><span class=\"blog-item-tag\">8\u00e8me arrondissement<\/span>                        \n                        <div class=\"blog-compact-item-content\">\n                                                        <h3>Avenue Montaigne \u2013 boutiques et restaurants<\/h3>\n                                                        <p>D\u00e9couvrez l'Avenue Montaigne, \u00e9picentre du luxe parisien, avec ses boutiques prestigieuses, restaurants \u00e9toil\u00e9s, \u00e9v\u00e9nements culturels,...                            <\/p>\n                                                    <\/div>\n                    <\/div>\n                <\/a>\n            <\/div>\n\t\t\t<div class=\"col-md-4\">\n                <a href=\"https:\/\/cparici.com\/fr\/pantheon\/\" class=\"blog-compact-item-container\">\n                    <div class=\"blog-compact-item\">\n                        <img decoding=\"async\" width=\"577\" height=\"204\" src=\"https:\/\/cparici.com\/wp-content\/uploads\/2025\/08\/cparici-2025-08-18T082226.053-577x204.jpg\" class=\"attachment-listeo-blog-related-post size-listeo-blog-related-post wp-post-image\" alt=\"Panth\u00e9on\" srcset=\"https:\/\/cparici.com\/wp-content\/uploads\/2025\/08\/cparici-2025-08-18T082226.053-577x204.jpg 577w, https:\/\/cparici.com\/wp-content\/uploads\/2025\/08\/cparici-2025-08-18T082226.053-300x106.jpg 300w, https:\/\/cparici.com\/wp-content\/uploads\/2025\/08\/cparici-2025-08-18T082226.053-1024x362.jpg 1024w, https:\/\/cparici.com\/wp-content\/uploads\/2025\/08\/cparici-2025-08-18T082226.053-768x271.jpg 768w, https:\/\/cparici.com\/wp-content\/uploads\/2025\/08\/cparici-2025-08-18T082226.053-18x6.jpg 18w, https:\/\/cparici.com\/wp-content\/uploads\/2025\/08\/cparici-2025-08-18T082226.053-590x208.jpg 590w, https:\/\/cparici.com\/wp-content\/uploads\/2025\/08\/cparici-2025-08-18T082226.053-1200x424.jpg 1200w, https:\/\/cparici.com\/wp-content\/uploads\/2025\/08\/cparici-2025-08-18T082226.053-600x212.jpg 600w, https:\/\/cparici.com\/wp-content\/uploads\/2025\/08\/cparici-2025-08-18T082226.053.jpg 1500w\" sizes=\"(max-width: 577px) 100vw, 577px\" \/><span class=\"blog-item-tag\">5\u00e8me arrondissement<\/span>                        \n                        <div class=\"blog-compact-item-content\">\n                                                        <h3>Panth\u00e9on : un chef-d\u2019\u0153uvre n\u00e9o-classique \u00e0 Paris<\/h3>\n                                                        <p>Recherches populaires Categories Pas de r\u00e9sultats Voir tous les r\u00e9sultats Panth\u00e9on : un chef-d\u2019\u0153uvre n\u00e9o-classique...                            <\/p>\n                                                    <\/div>\n                    <\/div>\n                <\/a>\n            <\/div>\n\t\t\t<div class=\"col-md-4\">\n                <a href=\"https:\/\/cparici.com\/fr\/place-du-tertre-a-montmartre\/\" class=\"blog-compact-item-container\">\n                    <div class=\"blog-compact-item\">\n                        <img decoding=\"async\" width=\"577\" height=\"205\" src=\"https:\/\/cparici.com\/wp-content\/uploads\/2024\/09\/place-du-tertre-a-montmartre.jpg\" class=\"attachment-listeo-blog-related-post size-listeo-blog-related-post wp-post-image\" alt=\"place du tertre \u00e0 montmartre\" srcset=\"https:\/\/cparici.com\/wp-content\/uploads\/2024\/09\/place-du-tertre-a-montmartre.jpg 1500w, https:\/\/cparici.com\/wp-content\/uploads\/2024\/09\/place-du-tertre-a-montmartre-600x213.jpg 600w, https:\/\/cparici.com\/wp-content\/uploads\/2024\/09\/place-du-tertre-a-montmartre-300x106.jpg 300w, https:\/\/cparici.com\/wp-content\/uploads\/2024\/09\/place-du-tertre-a-montmartre-1024x363.jpg 1024w, https:\/\/cparici.com\/wp-content\/uploads\/2024\/09\/place-du-tertre-a-montmartre-768x272.jpg 768w\" sizes=\"(max-width: 577px) 100vw, 577px\" \/><span class=\"blog-item-tag\">France<\/span>                        \n                        <div class=\"blog-compact-item-content\">\n                                                        <h3>Place du tertre \u00e0 Montmartre- lieu incontournable de Paris<\/h3>\n                                                        <p>D\u00e9couvrez le charme de la Place du Tertre \u00e0 Paris, o\u00f9 artistes et restaurants se...                            <\/p>\n                                                    <\/div>\n                    <\/div>\n                <\/a>\n            <\/div>\n  <\/div>\n        <\/div>\n        \t\t\t\t<\/div>\n\t\t\t\t<\/div>\n\t\t\t\t\t<\/div>\n\t\t\t\t<\/aside>\n\t\t\t\t<\/div>\n\t\t","protected":false},"excerpt":{"rendered":"<p>Recherches populaires Categories Pas de r\u00e9sultats Voir tous les r\u00e9sultats Op\u00e9ra Garnier Situ\u00e9 au c\u0153ur de Paris, l\u2019op\u00e9ra Garnier est sans doute l\u2019un des monuments les plus embl\u00e9matiques de la capitale fran\u00e7aise. Construit \u00e0 la fin du XIX\u1d49 si\u00e8cle, ce chef-d\u2019\u0153uvre architectural incarne \u00e0 la fois le faste du Second Empire et la passion des [&hellip;]<\/p>\n","protected":false},"author":97,"featured_media":70189,"comment_status":"closed","ping_status":"closed","sticky":false,"template":"elementor_header_footer","format":"standard","meta":{"ngg_post_thumbnail":0,"footnotes":""},"categories":[2803,477,1021,2804,1022],"tags":[],"class_list":["post-70188","post","type-post","status-publish","format-standard","has-post-thumbnail","hentry","category-9eme-arrondissement","category-france","category-ile-de-france","category-opera","category-paris"],"_links":{"self":[{"href":"https:\/\/cparici.com\/fr\/wp-json\/wp\/v2\/posts\/70188","targetHints":{"allow":["GET"]}}],"collection":[{"href":"https:\/\/cparici.com\/fr\/wp-json\/wp\/v2\/posts"}],"about":[{"href":"https:\/\/cparici.com\/fr\/wp-json\/wp\/v2\/types\/post"}],"author":[{"embeddable":true,"href":"https:\/\/cparici.com\/fr\/wp-json\/wp\/v2\/users\/97"}],"replies":[{"embeddable":true,"href":"https:\/\/cparici.com\/fr\/wp-json\/wp\/v2\/comments?post=70188"}],"version-history":[{"count":2,"href":"https:\/\/cparici.com\/fr\/wp-json\/wp\/v2\/posts\/70188\/revisions"}],"predecessor-version":[{"id":89149,"href":"https:\/\/cparici.com\/fr\/wp-json\/wp\/v2\/posts\/70188\/revisions\/89149"}],"wp:featuredmedia":[{"embeddable":true,"href":"https:\/\/cparici.com\/fr\/wp-json\/wp\/v2\/media\/70189"}],"wp:attachment":[{"href":"https:\/\/cparici.com\/fr\/wp-json\/wp\/v2\/media?parent=70188"}],"wp:term":[{"taxonomy":"category","embeddable":true,"href":"https:\/\/cparici.com\/fr\/wp-json\/wp\/v2\/categories?post=70188"},{"taxonomy":"post_tag","embeddable":true,"href":"https:\/\/cparici.com\/fr\/wp-json\/wp\/v2\/tags?post=70188"}],"curies":[{"name":"wp","href":"https:\/\/api.w.org\/{rel}","templated":true}]}}