{"id":70201,"date":"2025-09-09T08:49:04","date_gmt":"2025-09-09T06:49:04","guid":{"rendered":"https:\/\/cparici.com\/?p=70201"},"modified":"2026-04-16T10:34:13","modified_gmt":"2026-04-16T08:34:13","slug":"orange","status":"publish","type":"post","link":"https:\/\/cparici.com\/fr\/orange\/","title":{"rendered":"Orange, joyau romain en Vaucluse : tr\u00e9sors, histoire et vie locale"},"content":{"rendered":"\t\t<div data-elementor-type=\"wp-post\" data-elementor-id=\"70201\" class=\"elementor elementor-70201\" data-elementor-post-type=\"post\">\n\t\t\t\t<div class=\"elementor-element elementor-element-862bc7a e-con-full e-flex e-con e-parent\" data-id=\"862bc7a\" data-element_type=\"container\" data-e-type=\"container\">\n\t\t\t\t<div class=\"elementor-element elementor-element-568a4a0 elementor-widget elementor-widget-image\" data-id=\"568a4a0\" data-element_type=\"widget\" data-e-type=\"widget\" data-widget_type=\"image.default\">\n\t\t\t\t\t\t\t\t\t\t\t\t\t\t\t<img decoding=\"async\" width=\"1500\" height=\"530\" src=\"https:\/\/cparici.com\/wp-content\/uploads\/2025\/09\/cparici-2025-09-09T083533.113.jpg\" class=\"attachment-full size-full wp-image-70202\" alt=\"Orange\" srcset=\"https:\/\/cparici.com\/wp-content\/uploads\/2025\/09\/cparici-2025-09-09T083533.113.jpg 1500w, https:\/\/cparici.com\/wp-content\/uploads\/2025\/09\/cparici-2025-09-09T083533.113-300x106.jpg 300w, https:\/\/cparici.com\/wp-content\/uploads\/2025\/09\/cparici-2025-09-09T083533.113-1024x362.jpg 1024w, https:\/\/cparici.com\/wp-content\/uploads\/2025\/09\/cparici-2025-09-09T083533.113-768x271.jpg 768w, https:\/\/cparici.com\/wp-content\/uploads\/2025\/09\/cparici-2025-09-09T083533.113-18x6.jpg 18w, https:\/\/cparici.com\/wp-content\/uploads\/2025\/09\/cparici-2025-09-09T083533.113-590x208.jpg 590w, https:\/\/cparici.com\/wp-content\/uploads\/2025\/09\/cparici-2025-09-09T083533.113-1200x424.jpg 1200w, https:\/\/cparici.com\/wp-content\/uploads\/2025\/09\/cparici-2025-09-09T083533.113-577x204.jpg 577w, https:\/\/cparici.com\/wp-content\/uploads\/2025\/09\/cparici-2025-09-09T083533.113-600x212.jpg 600w\" sizes=\"(max-width: 1500px) 100vw, 1500px\" \/>\t\t\t\t\t\t\t\t\t\t\t\t\t\t\t<\/div>\n\t\t\t\t<\/div>\n\t\t<aside class=\"elementor-element elementor-element-36e2e7c e-flex e-con-boxed e-con e-parent\" data-id=\"36e2e7c\" data-element_type=\"container\" data-e-type=\"container\">\n\t\t\t\t\t<div class=\"e-con-inner\">\n\t\t\t\t<div class=\"elementor-element elementor-element-8ba5b18 elementor-widget elementor-widget-global elementor-global-62046 elementor-widget-eael-advanced-search\" data-id=\"8ba5b18\" data-element_type=\"widget\" data-e-type=\"widget\" data-widget_type=\"eael-advanced-search.default\">\n\t\t\t\t\t        <div class=\"eael-adv-search-wrapper\">\n            <div id=\"eael-advanced-search-widget-8ba5b18\" class=\"eael-advanced-search-widget\">\n                <form data-settings=\"{&quot;post_per_page&quot;:5,&quot;search_among_taxonomies&quot;:&quot;&quot;,&quot;search_among_sku&quot;:&quot;no&quot;,&quot;show_popular_keyword&quot;:0,&quot;show_category&quot;:0,&quot;show_content_image&quot;:1,&quot;show_search_result_all_results&quot;:0,&quot;result_on_new_tab&quot;:&quot;no&quot;,&quot;show_product_price&quot;:&quot;no&quot;,&quot;include_current_page&quot;:&quot;no&quot;,&quot;orderby&quot;:&quot;default&quot;,&quot;order&quot;:&quot;DESC&quot;,&quot;current_post_id&quot;:70201,&quot;post_type&quot;:[&quot;post&quot;,&quot;listing&quot;]}\" method=\"POST\" name=\"eael-advanced-search-form-8ba5b18\" class=\"eael-advanced-search-form eael-advanced-search-form-style-2\">\n                    <div class=\"eael-advanced-search-wrap\">\n                        <span class=\"eael-adv-search-loader\"><\/span>\n                        <span class=\"eael-adv-search-close\"><i class=\"fas fa-times\"><\/i><\/span>\n                        <span class=\"icon \"><i class=\"fas fa-search\"><\/i><\/span>\n\n                        <input type=\"text\"\n                               placeholder=\"Votre destination\"\n                               class=\"eael-advanced-search\" autocomplete=\"off\" name=\"eael_advanced_search\">\n                    <\/div>\n\t\t\t\t\t                                    <\/form>\n\n\t\t\t\t\n\t\t\t\t        <div class=\"eael-advanced-search-result\">\n            <div class=\"eael-advanced-search-popular-keyword\">\n\t\t\t\t<h4 class=\"eael-advanced-search-popular-keyword-text\">Recherches populaires<\/h4>                <div class=\"eael-popular-keyword-content\"><\/div>\n            <\/div>\n            <div class=\"eael-advanced-search-category\">\n\t\t\t\t<h4 class=\"eael-advanced-search-category-text\">Categories<\/h4>                <div class=\"eael-popular-category-content\"><\/div>\n            <\/div>\n\t\t\t<div class=\"eael-advanced-search-total-results-section\">\n\t\t\t\t\t\t\t<\/div>\n            <div class=\"eael-advanced-search-content eael-item-style-3\">\n            <\/div>\n            <div class=\"eael-advanced-search-not-found\">\n                <p>Pas de r\u00e9sultats<\/p><\/div>\n            <div class=\"eael-advanced-search-load-more\">\n\t\t\t\t<a \tclass=\"eael-advanced-search-load-more-button\"\n                \thref=\"#\">Voir tous les r\u00e9sultats<\/a>\n            <\/div>\n        <\/div>\n\n\t\t            <\/div>\n        <\/div>\n\n\t\t\t\t\t\t<\/div>\n\t\t\t\t\t<\/div>\n\t\t\t\t<\/aside>\n\t\t<div class=\"elementor-element elementor-element-2b932802 e-flex e-con-boxed e-con e-parent\" data-id=\"2b932802\" data-element_type=\"container\" data-e-type=\"container\">\n\t\t\t\t\t<div class=\"e-con-inner\">\n\t\t\t\t<div class=\"elementor-element elementor-element-51a79618 elementor-widget elementor-widget-text-editor\" data-id=\"51a79618\" data-element_type=\"widget\" data-e-type=\"widget\" data-widget_type=\"text-editor.default\">\n\t\t\t\t\t\t\t\t\t<h1 data-start=\"319\" data-end=\"389\">Orange, joyau romain en Vaucluse : tr\u00e9sors, histoire et vie locale<\/h1><p data-start=\"409\" data-end=\"1006\">Situ\u00e9e au c\u0153ur de la <a href=\"https:\/\/cparici.com\/la-provence\/\">Provence<\/a>, <strong>Orange (ville du <a href=\"https:\/\/cparici.com\/vaucluse\/\">Vaucluse<\/a>)<\/strong> est une cit\u00e9 charg\u00e9e d\u2019histoire, r\u00e9put\u00e9e dans le monde entier pour son patrimoine antique unique. Entre le Rh\u00f4ne et le Mont Ventoux, cette ville offre un voyage fascinant \u00e0 travers 2000 ans de civilisation. En plus de ses monuments romains inscrits au patrimoine mondial de l\u2019UNESCO, elle s\u00e9duit par son march\u00e9 proven\u00e7al, ses festivals et son art de vivre chaleureux. En d\u00e9couvrant Orange, vous explorez bien plus qu\u2019une cit\u00e9 : vous plongez dans l\u2019\u00e2me <strong data-start=\"923\" data-end=\"934\">du pays<\/strong> proven\u00e7al, avec ses saveurs, ses paysages et sa culture intemporelle.<\/p>\t\t\t\t\t\t\t\t<\/div>\n\t\t\t\t\t<\/div>\n\t\t\t\t<\/div>\n\t\t<aside class=\"elementor-element elementor-element-6fcc1808 e-flex e-con-boxed e-con e-parent\" data-id=\"6fcc1808\" data-element_type=\"container\" data-e-type=\"container\" data-settings=\"{&quot;background_background&quot;:&quot;classic&quot;}\">\n\t\t\t\t\t<div class=\"e-con-inner\">\n\t\t\t\t<div class=\"elementor-element elementor-element-486cd770 elementor-widget elementor-widget-spacer\" data-id=\"486cd770\" data-element_type=\"widget\" data-e-type=\"widget\" data-widget_type=\"spacer.default\">\n\t\t\t\t\t\t\t<div class=\"elementor-spacer\">\n\t\t\t<div class=\"elementor-spacer-inner\"><\/div>\n\t\t<\/div>\n\t\t\t\t\t\t<\/div>\n\t\t\t\t<div class=\"elementor-element elementor-element-13d74316 elementor-widget elementor-widget-heading\" data-id=\"13d74316\" data-element_type=\"widget\" data-e-type=\"widget\" data-widget_type=\"heading.default\">\n\t\t\t\t\t<h2 class=\"elementor-heading-title elementor-size-default\">H\u00e9bergements de Vacances Orange en direct<\/h2>\t\t\t\t<\/div>\n\t\t\t\t<div class=\"elementor-element elementor-element-7073f0b3 elementor-widget elementor-widget-listeo-listings-carousel\" data-id=\"7073f0b3\" data-element_type=\"widget\" data-e-type=\"widget\" data-widget_type=\"listeo-listings-carousel.default\">\n\t\t\t\t<div class=\"elementor-widget-container\">\n\t\t\t\t\t        <!-- Carousel \/ Start -->\n        \t<div class=\"simple-slick-carousel dots-nav\" data-slick='{&quot;autoplay&quot;:true,&quot;autoplaySpeed&quot;:3000,&quot;slidesToShow&quot;:3,&quot;slidesToScroll&quot;:1,&quot;responsive&quot;:[{&quot;breakpoint&quot;:1024,&quot;settings&quot;:{&quot;slidesToShow&quot;:2,&quot;slidesToScroll&quot;:1}},{&quot;breakpoint&quot;:768,&quot;settings&quot;:{&quot;slidesToShow&quot;:1,&quot;slidesToScroll&quot;:1}}]}'>\n                            <div class=\"fw-carousel-item\">                    \n                        <!-- Listing Item -->\r\n            <div class=\"col-lg-6 col-md-12\">\r\n                <a href=\"https:\/\/cparici.com\/fr\/annonce\/maison-de-vacances-la-valentine-2\/\"  class=\"listing-item-container listing-geo-data compact\" \r\n\t\tdata-title=\"Maison de vacances la Valentine\"\r\n\t\tdata-listing-type=\"rental\"\r\n\t\tdata-classifieds-price=\"\u20ac\"\r\n\t\tdata-friendly-address=\"16 chemin de la valentine 84370 bedarrides\"\r\n\t\tdata-address=\"16 chemin de la valentine 84370 bedarrides\"\r\n\t\tdata-image=\"https:\/\/cparici.com\/wp-content\/uploads\/2026\/02\/Jardin-piscine-vue-sur-suite-parentale-chambre-5-520x397.jpg\"\r\n\t\tdata-longitude=\"4.934047937458672\"\r\n\t\tdata-latitude=\"44.076060709889674\"\r\n\t\t\t\t\tdata-rating=\"4.7\"\r\n\t\t\tdata-reviews=\"23\"\r\n\t\t\t\tdata-icon=\"<svg xmlns=&quot;http:\/\/www.w3.org\/2000\/svg&quot; width=&quot;800px&quot; height=&quot;800px&quot; viewBox=&quot;0 0 45 45&quot; fill=&quot;none&quot;>\n<path d=&quot;M24.155 8.78099L24.33 8.94499L37.402 21.787L36 23.213L34.2 21.445L34.201 35C34.201 36.054 33.385 36.918 32.35 36.994L32.201 37H12.201C11.147 37 10.283 36.184 10.206 35.149L10.201 35L10.2 21.446L8.402 23.213L7 21.787L20.058 8.95799C21.171 7.82199 22.966 7.75899 24.155 8.78099ZM21.569 10.285L21.473 10.372L12.2 19.481L12.201 35L17.2 34.999L17.201 25C17.201 23.946 18.017 23.082 19.052 23.005L19.201 23H25.201C26.255 23 27.119 23.816 27.196 24.851L27.201 25L27.2 34.999L32.201 35L32.2 19.48L22.901 10.344C22.537 9.98699 21.969 9.96499 21.569 10.285ZM25.201 25H19.201L19.2 34.999H25.2L25.201 25Z&quot; fill=&quot;#3C3C3C&quot;\/>\n<\/svg>\"\r\n\r\n\t>\r\n            <div class=\"listing-item  \">\r\n                <div class=\"listing-small-badges-container\">\r\n                                                                <div class=\"listing-small-badge pricing-badge\"><i class=\"fa fa-tag\"><\/i>340,00\u20ac - 488,00\u20ac<\/div>\r\n                                                            \r\n                                        \r\n                                        \r\n                <\/div>\r\n                <img decoding=\"async\" src=\"https:\/\/cparici.com\/wp-content\/uploads\/2026\/02\/Jardin-piscine-vue-sur-suite-parentale-chambre-5-520x397.jpg\" alt=\"Maison de vacances la Valentine\" class=\"listing-thumbnail\">\r\n                                        <div class=\"listing-badge now-open\">Ouvert maintenant<\/div>\r\n                        \r\n\r\n                <div class=\"listing-item-content\">\r\n                                                <div class=\"numerical-rating\" data-rating=\"4.7\"><\/div>\r\n                    \r\n                    <h3> Maison de vacances la Valentine <\/h3>\r\n                    <span>16 chemin de la valentine 84370 bedarrides<\/span>\r\n                <\/div>\r\n                                        <span class=\"save like-icon tooltip left\" title=\"Connexion pour marquer des \u00e9l\u00e9ments\"><\/span>\r\n                                                <\/div>\r\n        <\/a>\r\n                    <\/div>\r\n        \r\n\r\n        <!-- Listing Item \/ End -->\n                    <\/div>\n                          <\/div>\n        \t\t\t\t<\/div>\n\t\t\t\t<\/div>\n\t\t\t\t\t<\/div>\n\t\t\t\t<\/aside>\n\t\t<div class=\"elementor-element elementor-element-72445e1 e-flex e-con-boxed e-con e-parent\" data-id=\"72445e1\" data-element_type=\"container\" data-e-type=\"container\">\n\t\t\t\t\t<div class=\"e-con-inner\">\n\t\t\t\t<div class=\"elementor-element elementor-element-2125b59 elementor-widget elementor-widget-text-editor\" data-id=\"2125b59\" data-element_type=\"widget\" data-e-type=\"widget\" data-widget_type=\"text-editor.default\">\n\t\t\t\t\t\t\t\t\t<h2 data-start=\"319\" data-end=\"389\"><span style=\"font-size: 15px;\">Que faire \u00e0 Orange ? Les 10 incontournables<\/span><\/h2><h3 data-start=\"200\" data-end=\"246\">1. D\u00e9couvrir le Th\u00e9\u00e2tre antique d\u2019Orange<\/h3><p data-start=\"247\" data-end=\"743\">Symbole absolu d\u2019<strong data-start=\"264\" data-end=\"294\">orange (ville du Vaucluse)<\/strong>, le <strong data-start=\"299\" data-end=\"318\">th\u00e9\u00e2tre antique<\/strong> est l\u2019un des mieux conserv\u00e9s du monde romain et un monument class\u00e9 <strong data-start=\"386\" data-end=\"396\">UNESCO<\/strong>. \u00c9difi\u00e9 au Ier si\u00e8cle apr\u00e8s J.-C., il pouvait accueillir pr\u00e8s de 9 000 spectateurs. Aujourd\u2019hui, on y admire son monumental mur de sc\u00e8ne, haut de 37 m\u00e8tres et long de 103 m\u00e8tres, qui impressionne autant par sa taille que par sa richesse architecturale. C\u2019est un lieu incontournable pour comprendre l\u2019importance de la ville dans l\u2019Empire romain.<\/p><p data-start=\"247\" data-end=\"743\"><a href=\"https:\/\/cparici.com\/wp-content\/uploads\/2025\/09\/cparici-2025-09-09T083700.049.jpg\"><img decoding=\"async\" class=\"aligncenter wp-image-70203 size-full\" src=\"https:\/\/cparici.com\/wp-content\/uploads\/2025\/09\/cparici-2025-09-09T083700.049.jpg\" alt=\"Orange le th\u00e9\u00e2tre antique\" width=\"1500\" height=\"530\" srcset=\"https:\/\/cparici.com\/wp-content\/uploads\/2025\/09\/cparici-2025-09-09T083700.049.jpg 1500w, https:\/\/cparici.com\/wp-content\/uploads\/2025\/09\/cparici-2025-09-09T083700.049-300x106.jpg 300w, https:\/\/cparici.com\/wp-content\/uploads\/2025\/09\/cparici-2025-09-09T083700.049-1024x362.jpg 1024w, https:\/\/cparici.com\/wp-content\/uploads\/2025\/09\/cparici-2025-09-09T083700.049-768x271.jpg 768w, https:\/\/cparici.com\/wp-content\/uploads\/2025\/09\/cparici-2025-09-09T083700.049-18x6.jpg 18w, https:\/\/cparici.com\/wp-content\/uploads\/2025\/09\/cparici-2025-09-09T083700.049-590x208.jpg 590w, https:\/\/cparici.com\/wp-content\/uploads\/2025\/09\/cparici-2025-09-09T083700.049-1200x424.jpg 1200w, https:\/\/cparici.com\/wp-content\/uploads\/2025\/09\/cparici-2025-09-09T083700.049-577x204.jpg 577w, https:\/\/cparici.com\/wp-content\/uploads\/2025\/09\/cparici-2025-09-09T083700.049-600x212.jpg 600w\" sizes=\"(max-width: 1500px) 100vw, 1500px\" \/><\/a><\/p><h3 data-start=\"750\" data-end=\"784\">2. Admirer l\u2019Arc de triomphe<\/h3><p data-start=\"785\" data-end=\"1221\">Construit sous l\u2019empereur Auguste, l\u2019<strong data-start=\"822\" data-end=\"850\">arc de triomphe d\u2019Orange<\/strong> est un chef-d\u2019\u0153uvre d\u2019architecture romaine militaire. Situ\u00e9 \u00e0 l\u2019entr\u00e9e nord de la ville, il c\u00e9l\u00e9brait la gloire des l\u00e9gions ayant combattu en Gaule. Ses bas-reliefs finement sculpt\u00e9s repr\u00e9sentent des sc\u00e8nes de batailles et de victoires. Restaur\u00e9 au fil des si\u00e8cles, il reste un t\u00e9moin unique du g\u00e9nie romain et figure, lui aussi, au <strong data-start=\"1184\" data-end=\"1218\">patrimoine mondial de l\u2019UNESCO<\/strong>.<\/p><h3 data-start=\"1228\" data-end=\"1272\">3. Monter sur la colline Saint-Eutrope<\/h3><p data-start=\"1273\" data-end=\"1731\">La <strong data-start=\"1276\" data-end=\"1301\">colline Saint-Eutrope<\/strong> domine la ville et offre une vue imprenable sur le th\u00e9\u00e2tre antique, les toits d\u2019Orange et la plaine du Rh\u00f4ne. Ancien site d\u2019un ch\u00e2teau des princes d\u2019Orange, d\u00e9truit au XVIIIe si\u00e8cle, elle est aujourd\u2019hui un lieu de promenade agr\u00e9able, appr\u00e9ci\u00e9 pour son calme et sa fra\u00eecheur. Elle relie le pass\u00e9 m\u00e9di\u00e9val de la ville \u00e0 son patrimoine naturel et constitue un espace parfait pour une pause apr\u00e8s la visite des monuments antiques.<\/p><h3 data-start=\"1738\" data-end=\"1783\">4. Visiter le mus\u00e9e d\u2019Art et d\u2019Histoire<\/h3><p data-start=\"1784\" data-end=\"2305\">Situ\u00e9 face au th\u00e9\u00e2tre antique, le <strong data-start=\"1818\" data-end=\"1856\">mus\u00e9e d\u2019Art et d\u2019Histoire d\u2019Orange<\/strong> abrite une collection exceptionnelle de vestiges antiques et m\u00e9di\u00e9vaux. Parmi ses pi\u00e8ces ma\u00eetresses figure une reproduction de la <strong data-start=\"1987\" data-end=\"2009\">table de Peutinger<\/strong>, une carte rare repr\u00e9sentant les routes de l\u2019Empire romain. On y trouve \u00e9galement des mosa\u00efques, des sculptures et des objets arch\u00e9ologiques qui retracent la vie quotidienne dans l\u2019Antiquit\u00e9. Une visite indispensable pour compl\u00e9ter la d\u00e9couverte des monuments d\u2019<strong data-start=\"2272\" data-end=\"2302\">orange (ville du Vaucluse)<\/strong>.<\/p><h3 data-start=\"2312\" data-end=\"2352\">5. Assister aux Chor\u00e9gies d\u2019Orange<\/h3><p data-start=\"2353\" data-end=\"2837\">Chaque \u00e9t\u00e9, le th\u00e9\u00e2tre antique devient le c\u0153ur battant de la ville gr\u00e2ce aux <strong data-start=\"2430\" data-end=\"2452\">Chor\u00e9gies d\u2019Orange<\/strong>, festival lyrique de renomm\u00e9e mondiale. Cr\u00e9\u00e9 en 1869, il attire les plus grands chanteurs, orchestres et chefs d\u2019orchestre. Le cadre monumental et l\u2019acoustique naturelle exceptionnelle offrent une exp\u00e9rience musicale unique, sans besoin de micro ou d\u2019amplification. Pour les passionn\u00e9s d\u2019op\u00e9ra ou simplement les curieux, assister \u00e0 une repr\u00e9sentation est une exp\u00e9rience inoubliable.<\/p><h3 data-start=\"2844\" data-end=\"2879\">6. Fl\u00e2ner au march\u00e9 proven\u00e7al<\/h3><p data-start=\"2880\" data-end=\"3352\">Tous les jeudis matin, les rues d\u2019<strong data-start=\"2914\" data-end=\"2944\">orange (ville du Vaucluse)<\/strong> s\u2019animent avec l\u2019un des plus anciens <strong data-start=\"2982\" data-end=\"3005\">march\u00e9s de Provence<\/strong>, fond\u00e9 en 1414. On y retrouve des produits locaux embl\u00e9matiques : fruits gorg\u00e9s de soleil, l\u00e9gumes de saison, olives, fromages, vins, lavande et artisanat. C\u2019est un lieu convivial o\u00f9 se m\u00ealent habitants et visiteurs, dans une ambiance color\u00e9e et parfum\u00e9e typiquement proven\u00e7ale. Le march\u00e9 est une v\u00e9ritable immersion dans l\u2019art de vivre du sud.<\/p><h3 data-start=\"3359\" data-end=\"3414\">7. D\u00e9couvrir la cath\u00e9drale Notre-Dame-de-Nazareth<\/h3><p data-start=\"3415\" data-end=\"3883\">Construite au XIIe si\u00e8cle, la <strong data-start=\"3445\" data-end=\"3482\">cath\u00e9drale Notre-Dame-de-Nazareth<\/strong> refl\u00e8te l\u2019architecture romane proven\u00e7ale. Elle a travers\u00e9 de nombreuses \u00e9preuves, notamment les guerres de religion, avant d\u2019\u00eatre restaur\u00e9e. Son int\u00e9rieur sobre mais majestueux invite au recueillement. Situ\u00e9e au c\u0153ur de la ville, elle rappelle que le patrimoine d\u2019<strong data-start=\"3747\" data-end=\"3777\">orange (ville du Vaucluse)<\/strong> ne se limite pas \u00e0 ses monuments antiques, mais comprend aussi un riche h\u00e9ritage m\u00e9di\u00e9val et religieux.<\/p><h3 data-start=\"3890\" data-end=\"3929\">8. Go\u00fbter aux sp\u00e9cialit\u00e9s locales<\/h3><p data-start=\"3930\" data-end=\"4393\">La gastronomie fait partie int\u00e9grante de l\u2019exp\u00e9rience \u00e0 Orange. On y d\u00e9guste des vins prestigieux des <strong data-start=\"4032\" data-end=\"4050\">C\u00f4tes-du-Rh\u00f4ne<\/strong> et de <strong data-start=\"4057\" data-end=\"4080\">Ch\u00e2teauneuf-du-Pape<\/strong>, accompagn\u00e9s de truffes, d\u2019huile d\u2019olive et de fruits proven\u00e7aux. Pour les gourmands, ne manquez pas les douceurs locales comme le <strong data-start=\"4212\" data-end=\"4232\">sabl\u00e9 du Th\u00e9\u00e2tre<\/strong> ou les p\u00e2tisseries \u00ab Augustines \u00bb. La richesse du terroir refl\u00e8te l\u2019identit\u00e9 proven\u00e7ale d\u2019<strong data-start=\"4323\" data-end=\"4353\">orange (ville du Vaucluse)<\/strong> et ravit les amateurs de bonne ch\u00e8re.<\/p><h3 data-start=\"4400\" data-end=\"4446\">9. Se promener dans le centre historique<\/h3><p data-start=\"4447\" data-end=\"4883\">Le <strong data-start=\"4450\" data-end=\"4475\">centre-ville d\u2019Orange<\/strong> est un v\u00e9ritable livre d\u2019histoire \u00e0 ciel ouvert. En fl\u00e2nant dans ses ruelles pav\u00e9es, on d\u00e9couvre des maisons anciennes, des placettes anim\u00e9es, des fontaines et des fa\u00e7ades typiquement proven\u00e7ales. Les terrasses de caf\u00e9s et les petites boutiques artisanales ajoutent au charme. C\u2019est aussi l\u2019endroit id\u00e9al pour s\u2019impr\u00e9gner de l\u2019atmosph\u00e8re conviviale de la ville et profiter de son rythme de vie m\u00e9ridional.<\/p><p data-start=\"4447\" data-end=\"4883\"><a href=\"https:\/\/cparici.com\/wp-content\/uploads\/2025\/09\/cparici-2025-09-09T083922.079.jpg\"><img decoding=\"async\" class=\"aligncenter wp-image-70204 size-full\" src=\"https:\/\/cparici.com\/wp-content\/uploads\/2025\/09\/cparici-2025-09-09T083922.079.jpg\" alt=\"H\u00f4tel de ville d'Orange\" width=\"1500\" height=\"530\" srcset=\"https:\/\/cparici.com\/wp-content\/uploads\/2025\/09\/cparici-2025-09-09T083922.079.jpg 1500w, https:\/\/cparici.com\/wp-content\/uploads\/2025\/09\/cparici-2025-09-09T083922.079-300x106.jpg 300w, https:\/\/cparici.com\/wp-content\/uploads\/2025\/09\/cparici-2025-09-09T083922.079-1024x362.jpg 1024w, https:\/\/cparici.com\/wp-content\/uploads\/2025\/09\/cparici-2025-09-09T083922.079-768x271.jpg 768w, https:\/\/cparici.com\/wp-content\/uploads\/2025\/09\/cparici-2025-09-09T083922.079-18x6.jpg 18w, https:\/\/cparici.com\/wp-content\/uploads\/2025\/09\/cparici-2025-09-09T083922.079-590x208.jpg 590w, https:\/\/cparici.com\/wp-content\/uploads\/2025\/09\/cparici-2025-09-09T083922.079-1200x424.jpg 1200w, https:\/\/cparici.com\/wp-content\/uploads\/2025\/09\/cparici-2025-09-09T083922.079-577x204.jpg 577w, https:\/\/cparici.com\/wp-content\/uploads\/2025\/09\/cparici-2025-09-09T083922.079-600x212.jpg 600w\" sizes=\"(max-width: 1500px) 100vw, 1500px\" \/><\/a><\/p><h3 data-start=\"4890\" data-end=\"4921\">10. Explorer les environs<\/h3><p data-start=\"4922\" data-end=\"5470\">Enfin, <strong data-start=\"4929\" data-end=\"4959\">orange (ville du Vaucluse)<\/strong> est un point de d\u00e9part id\u00e9al pour d\u00e9couvrir les tr\u00e9sors de la Provence. \u00c0 seulement 20 km, <strong data-start=\"5051\" data-end=\"5062\">Avignon<\/strong> et son Palais des Papes vous plongent dans l\u2019histoire m\u00e9di\u00e9vale. Les amateurs de vin appr\u00e9cieront les vignobles de <strong data-start=\"5178\" data-end=\"5201\">Ch\u00e2teauneuf-du-Pape<\/strong>, mondialement c\u00e9l\u00e8bres. Les passionn\u00e9s d\u2019arch\u00e9ologie pourront explorer <strong data-start=\"5273\" data-end=\"5294\">Vaison-la-Romaine<\/strong> et ses vestiges gallo-romains, tandis que les amoureux de nature trouveront leur bonheur au <strong data-start=\"5387\" data-end=\"5403\">Mont Ventoux<\/strong>. Autant d\u2019excursions qui enrichissent la d\u00e9couverte de la ville.<\/p><h2 data-start=\"281\" data-end=\"338\">Tourisme aujourd\u2019hui : visites et conseils pratiques<\/h2><p data-start=\"376\" data-end=\"517\">Une visite d\u2019<strong>Orange<\/strong>\u00a0commence immanquablement par ses deux monuments class\u00e9s <strong data-start=\"476\" data-end=\"513\">au <a href=\"https:\/\/cparici.com\/patrimoine-mondial-de-l-unesco-en-france\/\">patrimoine mondial de l\u2019UNESCO<\/a><\/strong> :<\/p><ul data-start=\"518\" data-end=\"779\"><li data-start=\"518\" data-end=\"674\"><p data-start=\"520\" data-end=\"674\"><strong data-start=\"520\" data-end=\"542\">Le th\u00e9\u00e2tre antique<\/strong>, l\u2019un des mieux conserv\u00e9s au monde, o\u00f9 l\u2019on peut admirer le mur de sc\u00e8ne monumental et revivre l\u2019ambiance des spectacles romains.<\/p><\/li><li data-start=\"675\" data-end=\"779\"><p data-start=\"677\" data-end=\"779\"><strong data-start=\"677\" data-end=\"698\">L\u2019arc de triomphe<\/strong>, situ\u00e9 \u00e0 l\u2019entr\u00e9e nord de la ville, qui symbolise la gloire militaire de Rome.<\/p><\/li><\/ul><p data-start=\"781\" data-end=\"1161\">\u00c0 cela s\u2019ajoutent la <strong data-start=\"802\" data-end=\"827\">colline Saint-Eutrope<\/strong>, id\u00e9ale pour une promenade avec vue panoramique, et le <strong data-start=\"883\" data-end=\"912\">mus\u00e9e d\u2019Art et d\u2019Histoire<\/strong>, qui \u00e9claire les visiteurs sur la vie quotidienne de la cit\u00e9 antique. Le <strong data-start=\"986\" data-end=\"1005\">march\u00e9 du jeudi<\/strong> et la <strong data-start=\"1012\" data-end=\"1049\">cath\u00e9drale Notre-Dame-de-Nazareth<\/strong> compl\u00e8tent parfaitement cet itin\u00e9raire, en offrant un aper\u00e7u de la culture locale et du patrimoine religieux.<\/p><h3 data-start=\"1163\" data-end=\"1187\">Conseils de visite<\/h3><p data-start=\"1188\" data-end=\"1563\">Pour profiter pleinement de <b>Orange<\/b>, il est conseill\u00e9 de pr\u00e9voir au minimum <strong data-start=\"1287\" data-end=\"1311\">une journ\u00e9e compl\u00e8te<\/strong>. La matin\u00e9e peut \u00eatre consacr\u00e9e \u00e0 la visite du th\u00e9\u00e2tre et du mus\u00e9e, suivie d\u2019un d\u00e9jeuner typique dans le centre historique. L\u2019apr\u00e8s-midi, la promenade vers l\u2019arc de triomphe et la colline Saint-Eutrope permet d\u2019explorer la ville sous un autre angle.<\/p><p data-start=\"1565\" data-end=\"2013\">La <strong data-start=\"1568\" data-end=\"1602\">meilleure p\u00e9riode pour visiter<\/strong> s\u2019\u00e9tend du printemps \u00e0 l\u2019automne. Entre mai et septembre, les festivals, les march\u00e9s et les temp\u00e9ratures agr\u00e9ables cr\u00e9ent une atmosph\u00e8re id\u00e9ale. L\u2019\u00e9t\u00e9 attire beaucoup de monde, notamment lors des Chor\u00e9gies, mais l\u2019ambiance y est unique. Pour ceux qui recherchent plus de calme, l\u2019automne est une excellente alternative : les couleurs des vignobles environnants sont magnifiques et les sites moins fr\u00e9quent\u00e9s.<\/p><h3 data-start=\"2015\" data-end=\"2040\">Excursions alentour<\/h3><p data-start=\"2041\" data-end=\"2147\">L\u2019atout d\u2019<strong data-start=\"2051\" data-end=\"2081\">orange (ville du Vaucluse)<\/strong> est aussi sa proximit\u00e9 avec d\u2019autres hauts lieux touristiques :<\/p><ul data-start=\"2148\" data-end=\"2655\"><li data-start=\"2148\" data-end=\"2198\"><p data-start=\"2150\" data-end=\"2198\"><a href=\"https:\/\/cparici.com\/avignon-guide-2\/\"><strong data-start=\"2150\" data-end=\"2161\">Avignon<\/strong><\/a> et son Palais des Papes, \u00e0 20 km ;<\/p><\/li><li data-start=\"2199\" data-end=\"2327\"><p data-start=\"2201\" data-end=\"2327\">Les vignobles renomm\u00e9s de <a href=\"https:\/\/cparici.com\/chateauneuf-du-pape\/\"><strong data-start=\"2227\" data-end=\"2250\">Ch\u00e2teauneuf-du-Pape<\/strong><\/a>, o\u00f9 l\u2019on peut d\u00e9guster certains des meilleurs vins de la vall\u00e9e du Rh\u00f4ne ;<\/p><\/li><li data-start=\"2328\" data-end=\"2440\"><p data-start=\"2330\" data-end=\"2440\">Le <strong data-start=\"2333\" data-end=\"2349\">Mont Ventoux<\/strong>, paradis des randonneurs et cyclistes, qui domine la r\u00e9gion de sa silhouette imposante ;<\/p><\/li><li data-start=\"2441\" data-end=\"2520\"><p data-start=\"2443\" data-end=\"2520\"><strong data-start=\"2443\" data-end=\"2464\">Vaison-la-Romaine<\/strong>, autre cit\u00e9 antique riche en vestiges gallo-romains ;<\/p><\/li><li data-start=\"2521\" data-end=\"2655\"><p data-start=\"2523\" data-end=\"2655\">Les villages proven\u00e7aux typiques comme S\u00e9guret, Gigondas ou Cairanne, o\u00f9 l\u2019on retrouve l\u2019authenticit\u00e9 et le charme de la Provence.<\/p><\/li><\/ul><p data-start=\"2657\" data-end=\"2817\">Ces excursions compl\u00e8tent parfaitement la d\u00e9couverte d\u2019<strong data-start=\"2712\" data-end=\"2742\">orange (ville du Vaucluse)<\/strong> et en font une <strong data-start=\"2758\" data-end=\"2814\">base id\u00e9ale pour explorer le Vaucluse et la Provence<\/strong>.<\/p><h2 data-start=\"1013\" data-end=\"1065\">Localisation, g\u00e9ographie et contexte historique<\/h2><h3 data-start=\"1067\" data-end=\"1113\">Une cit\u00e9 de Provence au c\u0153ur du Vaucluse<\/h3><p data-start=\"1114\" data-end=\"1846\">Situ\u00e9e dans la <strong data-start=\"1129\" data-end=\"1148\">vall\u00e9e du Rh\u00f4ne<\/strong>, <b>Orange<\/b>\u00a0b\u00e9n\u00e9ficie d\u2019une situation privil\u00e9gi\u00e9e qui explique son essor. \u00c0 20 kilom\u00e8tres seulement d\u2019Avignon, elle se trouve \u00e0 la crois\u00e9e de grands axes routiers et ferroviaires : l\u2019autoroute A7 reliant Lyon \u00e0 Marseille et la ligne TER qui dessert la r\u00e9gion Provence-Alpes-C\u00f4te d\u2019Azur. Cet emplacement strat\u00e9gique a contribu\u00e9 \u00e0 son importance depuis l\u2019Antiquit\u00e9.<br data-start=\"1532\" data-end=\"1535\" \/>La ville est entour\u00e9e de paysages typiquement proven\u00e7aux : vignobles renomm\u00e9s comme ceux de Ch\u00e2teauneuf-du-Pape, champs d\u2019oliviers, collines bois\u00e9es et vues sur le <strong data-start=\"1699\" data-end=\"1715\">Mont Ventoux<\/strong>. Ce cadre naturel exceptionnel attire non seulement les touristes mais aussi les amateurs de randonn\u00e9e et de gastronomie locale.<\/p><h3 data-start=\"1848\" data-end=\"1903\">Un climat favorable \u00e0 la vigne et \u00e0 la vie locale<\/h3><p data-start=\"1904\" data-end=\"2482\">Le climat m\u00e9diterran\u00e9en d\u2019Orange, avec plus de 2 800 heures d\u2019ensoleillement par an, influence fortement son \u00e9conomie et son mode de vie. L\u2019agriculture, en particulier la viticulture, y occupe une place centrale. Le terroir donne naissance \u00e0 des vins de grande qualit\u00e9, notamment ceux de l\u2019appellation <strong data-start=\"2206\" data-end=\"2224\">C\u00f4tes-du-Rh\u00f4ne<\/strong>. La pr\u00e9sence du <strong data-start=\"2241\" data-end=\"2252\">mistral<\/strong>, vent sec et puissant, contribue \u00e0 prot\u00e9ger les vignes des maladies et renforce la typicit\u00e9 des produits. Ce climat attire \u00e9galement une population active et des visiteurs d\u00e9sireux de profiter du soleil proven\u00e7al toute l\u2019ann\u00e9e.<\/p><h3 data-start=\"2484\" data-end=\"2540\">Des origines pr\u00e9historiques \u00e0 la fondation romaine<\/h3><p data-start=\"2541\" data-end=\"3460\">Si <b>Orange<\/b>\u00a0est surtout c\u00e9l\u00e8bre pour ses monuments antiques, son histoire remonte bien plus loin. Des fouilles arch\u00e9ologiques r\u00e9centes ont montr\u00e9 une pr\u00e9sence humaine d\u00e8s le <strong data-start=\"2737\" data-end=\"2752\">N\u00e9olithique<\/strong>, confirmant une occupation ancienne du territoire.<br data-start=\"2803\" data-end=\"2806\" \/>La v\u00e9ritable naissance de la ville survient avec les Romains au Ier si\u00e8cle avant J.-C. Elle est alors fond\u00e9e sous le nom de <em data-start=\"2930\" data-end=\"2972\">Colonia Julia Firma Secundanorum Arausio<\/em>, en hommage \u00e0 la rivi\u00e8re Arausio qui coulait dans la r\u00e9gion. Cit\u00e9 coloniale destin\u00e9e aux v\u00e9t\u00e9rans des l\u00e9gions romaines, elle devient rapidement un centre urbain prosp\u00e8re. Son plan en damier, ses b\u00e2timents publics et ses infrastructures t\u00e9moignent encore de cette organisation.<br data-start=\"3249\" data-end=\"3252\" \/>Cette origine romaine marque profond\u00e9ment l\u2019identit\u00e9 d\u2019<strong data-start=\"3307\" data-end=\"3337\">orange (ville du Vaucluse)<\/strong>, qui conserve aujourd\u2019hui deux des monuments antiques les mieux pr\u00e9serv\u00e9s au monde : son th\u00e9\u00e2tre et son arc de triomphe.<\/p><h2 data-start=\"241\" data-end=\"287\">L\u2019h\u00e9ritage romain et les monuments UNESCO<\/h2><h3 data-start=\"289\" data-end=\"322\">Le th\u00e9\u00e2tre antique d\u2019Orange<\/h3><p data-start=\"323\" data-end=\"1301\">Le <strong data-start=\"326\" data-end=\"354\">th\u00e9\u00e2tre antique d\u2019Orange<\/strong> est sans doute le monument le plus embl\u00e9matique de la ville. \u00c9difi\u00e9 au Ier si\u00e8cle apr\u00e8s J.-C., il faisait partie int\u00e9grante de la vie sociale romaine. Avec une capacit\u00e9 de pr\u00e8s de <strong data-start=\"535\" data-end=\"556\">9 000 spectateurs<\/strong>, il accueillait des repr\u00e9sentations th\u00e9\u00e2trales, des spectacles et parfois des c\u00e9r\u00e9monies politiques.<br data-start=\"657\" data-end=\"660\" \/>Ce qui le rend unique, c\u2019est son <strong data-start=\"693\" data-end=\"709\">mur de sc\u00e8ne<\/strong>, haut de 37 m\u00e8tres et long de 103 m\u00e8tres, l\u2019un des mieux conserv\u00e9s du monde romain. Orn\u00e9 de statues et de colonnes, il constituait le d\u00e9cor principal des repr\u00e9sentations. Aujourd\u2019hui, il impressionne toujours par sa monumentalit\u00e9 et son acoustique exceptionnelle, qui permet d\u2019entendre une voix naturelle sans amplification.<br data-start=\"1034\" data-end=\"1037\" \/>Inscrit au <strong data-start=\"1048\" data-end=\"1082\">patrimoine mondial de l\u2019UNESCO<\/strong> depuis 1981, il est encore utilis\u00e9 de nos jours pour des spectacles. Chaque \u00e9t\u00e9, les <strong data-start=\"1168\" data-end=\"1190\">Chor\u00e9gies d\u2019Orange<\/strong>, festival lyrique de renomm\u00e9e internationale, y rassemblent les plus grands artistes et un public passionn\u00e9.<\/p><h3 data-start=\"1303\" data-end=\"1335\">L\u2019arc de triomphe d\u2019Orange<\/h3><p data-start=\"1336\" data-end=\"2113\">Situ\u00e9 \u00e0 l\u2019entr\u00e9e nord de la ville, l\u2019<strong data-start=\"1373\" data-end=\"1401\">arc de triomphe d\u2019Orange<\/strong> est un autre tr\u00e9sor du patrimoine antique. Construit sous le r\u00e8gne d\u2019Auguste, probablement au d\u00e9but du Ier si\u00e8cle, il symbolise la gloire des <strong data-start=\"1544\" data-end=\"1564\">l\u00e9gions romaines<\/strong> ayant combattu en Gaule.<br data-start=\"1589\" data-end=\"1592\" \/>Sa particularit\u00e9 est d\u2019\u00eatre compos\u00e9 de <strong data-start=\"1631\" data-end=\"1647\">trois arches<\/strong> superpos\u00e9es, d\u00e9cor\u00e9es de bas-reliefs \u00e9voquant des sc\u00e8nes de batailles, de victoires et d\u2019offrandes aux dieux. Ce monument honorait \u00e0 la fois les soldats romains et la puissance imp\u00e9riale.<br data-start=\"1835\" data-end=\"1838\" \/>Restaur\u00e9 \u00e0 plusieurs reprises, il a travers\u00e9 les si\u00e8cles et demeure un exemple exceptionnel d\u2019<strong data-start=\"1932\" data-end=\"1966\">architecture romaine militaire<\/strong>. Tout comme le th\u00e9\u00e2tre, il est class\u00e9 au patrimoine mondial de l\u2019UNESCO, renfor\u00e7ant la renomm\u00e9e internationale d\u2019<b>Orange<\/b>.<\/p><p data-start=\"1336\" data-end=\"2113\"><a href=\"https:\/\/cparici.com\/wp-content\/uploads\/2025\/09\/cparici-2025-09-09T084120.076.jpg\"><img decoding=\"async\" class=\"aligncenter wp-image-70205 size-full\" src=\"https:\/\/cparici.com\/wp-content\/uploads\/2025\/09\/cparici-2025-09-09T084120.076.jpg\" alt=\"Arc de Triomphe d'Orange\" width=\"1500\" height=\"530\" srcset=\"https:\/\/cparici.com\/wp-content\/uploads\/2025\/09\/cparici-2025-09-09T084120.076.jpg 1500w, https:\/\/cparici.com\/wp-content\/uploads\/2025\/09\/cparici-2025-09-09T084120.076-300x106.jpg 300w, https:\/\/cparici.com\/wp-content\/uploads\/2025\/09\/cparici-2025-09-09T084120.076-1024x362.jpg 1024w, https:\/\/cparici.com\/wp-content\/uploads\/2025\/09\/cparici-2025-09-09T084120.076-768x271.jpg 768w, https:\/\/cparici.com\/wp-content\/uploads\/2025\/09\/cparici-2025-09-09T084120.076-18x6.jpg 18w, https:\/\/cparici.com\/wp-content\/uploads\/2025\/09\/cparici-2025-09-09T084120.076-590x208.jpg 590w, https:\/\/cparici.com\/wp-content\/uploads\/2025\/09\/cparici-2025-09-09T084120.076-1200x424.jpg 1200w, https:\/\/cparici.com\/wp-content\/uploads\/2025\/09\/cparici-2025-09-09T084120.076-577x204.jpg 577w, https:\/\/cparici.com\/wp-content\/uploads\/2025\/09\/cparici-2025-09-09T084120.076-600x212.jpg 600w\" sizes=\"(max-width: 1500px) 100vw, 1500px\" \/><\/a><\/p><h3 data-start=\"2115\" data-end=\"2171\">La colline Saint-Eutrope et les vestiges princiers<\/h3><p data-start=\"2172\" data-end=\"2796\">La <strong data-start=\"2175\" data-end=\"2200\">colline Saint-Eutrope<\/strong>, qui surplombe la ville, fut longtemps un site strat\u00e9gique. Elle abritait un <strong data-start=\"2278\" data-end=\"2310\">ch\u00e2teau des princes d\u2019Orange<\/strong>, d\u00e9truit au XVIIIe si\u00e8cle. Si les ruines sont aujourd\u2019hui modestes, l\u2019endroit conserve une dimension historique importante.<br data-start=\"2434\" data-end=\"2437\" \/>C\u2019est \u00e9galement un lieu de promenade appr\u00e9ci\u00e9 des habitants et des touristes. De l\u00e0-haut, la vue est spectaculaire : on embrasse d\u2019un regard le th\u00e9\u00e2tre antique, la plaine du Rh\u00f4ne, et jusqu\u2019aux contreforts du Ventoux. Ce site compl\u00e8te la richesse patrimoniale de la ville, en offrant une connexion entre l\u2019histoire militaire m\u00e9di\u00e9vale et l\u2019urbanisme romain.<\/p><h3 data-start=\"2798\" data-end=\"2841\">Le mus\u00e9e d\u2019Art et d\u2019Histoire d\u2019Orange<\/h3><p data-start=\"2842\" data-end=\"3379\">Pour prolonger la d\u00e9couverte, le <strong data-start=\"2875\" data-end=\"2904\">mus\u00e9e d\u2019Art et d\u2019Histoire<\/strong> situ\u00e9 face au th\u00e9\u00e2tre antique est incontournable. Cr\u00e9\u00e9 en 1933, il abrite une vaste collection de vestiges romains, mosa\u00efques, sculptures et objets du quotidien.<br data-start=\"3066\" data-end=\"3069\" \/>Parmi ses tr\u00e9sors figure une copie de la <strong data-start=\"3110\" data-end=\"3132\">table de Peutinger<\/strong>, carte exceptionnelle retra\u00e7ant les routes de l\u2019Empire romain. Le mus\u00e9e permet de mieux comprendre la vie quotidienne des habitants d\u2019<strong>Orange<\/strong>\u00a0durant l\u2019Antiquit\u00e9, et de replacer ses monuments dans leur contexte historique.<\/p><h2 data-start=\"280\" data-end=\"342\">Vie quotidienne : patrimoine local, culture et traditions<\/h2><h3 data-start=\"344\" data-end=\"378\">Le march\u00e9 proven\u00e7al d\u2019Orange<\/h3><p data-start=\"379\" data-end=\"1059\">Chaque jeudi matin, le centre historique s\u2019anime gr\u00e2ce au <strong data-start=\"437\" data-end=\"456\">march\u00e9 d\u2019Orange<\/strong>, l\u2019un des plus anciens de Provence puisqu\u2019il fut fond\u00e9 en 1414. Sur les places et dans les ruelles, les \u00e9tals d\u00e9bordent de <strong data-start=\"580\" data-end=\"608\">fruits et l\u00e9gumes locaux<\/strong>, d\u2019olives parfum\u00e9es, de fromages de ch\u00e8vre, de miels et de lavande.<br data-start=\"676\" data-end=\"679\" \/>Mais ce march\u00e9 ne se r\u00e9sume pas \u00e0 un simple lieu d\u2019\u00e9changes commerciaux : il incarne l\u2019<strong data-start=\"766\" data-end=\"792\">art de vivre proven\u00e7al<\/strong>. Les habitants et les visiteurs s\u2019y croisent dans une ambiance conviviale, entre odeurs d\u2019\u00e9pices, couleurs chatoyantes et accents chantants. Pour de nombreux touristes, c\u2019est l\u2019une des exp\u00e9riences les plus authentiques d\u2019un s\u00e9jour \u00e0 <strong>Orange<\/strong>.<\/p><h3 data-start=\"1061\" data-end=\"1103\">La cath\u00e9drale Notre-Dame-de-Nazareth<\/h3><p data-start=\"1104\" data-end=\"1717\">Au c\u0153ur de la ville s\u2019\u00e9l\u00e8ve la <strong data-start=\"1135\" data-end=\"1172\">cath\u00e9drale Notre-Dame-de-Nazareth<\/strong>, construite au XIIe si\u00e8cle dans un style roman typique de la Provence. Elle connut une histoire mouvement\u00e9e : endommag\u00e9e durant les guerres de religion, elle fut restaur\u00e9e plusieurs fois au fil des si\u00e8cles.<br data-start=\"1379\" data-end=\"1382\" \/>L\u2019int\u00e9rieur sobre et harmonieux, avec ses vo\u00fbtes et ses colonnes, rappelle la spiritualit\u00e9 m\u00e9di\u00e9vale. Encore aujourd\u2019hui, elle est un lieu de culte actif, accueillant offices et \u00e9v\u00e9nements religieux. Sa pr\u00e9sence rappelle que le patrimoine d\u2019<strong>Orange<\/strong>\u00a0n\u2019est pas seulement romain, mais aussi profond\u00e9ment chr\u00e9tien.<\/p><h3 data-start=\"1719\" data-end=\"1768\">Les Chor\u00e9gies d\u2019Orange et la vie culturelle<\/h3><p data-start=\"1769\" data-end=\"2381\">La vie culturelle de la ville est domin\u00e9e par les <strong data-start=\"1819\" data-end=\"1841\">Chor\u00e9gies d\u2019Orange<\/strong>, festival lyrique cr\u00e9\u00e9 en 1869. Chaque \u00e9t\u00e9, des milliers de spectateurs affluent du monde entier pour assister \u00e0 des op\u00e9ras et concerts donn\u00e9s dans le th\u00e9\u00e2tre antique. Gr\u00e2ce \u00e0 son acoustique exceptionnelle, le lieu offre une exp\u00e9rience musicale inoubliable.<br data-start=\"2099\" data-end=\"2102\" \/>Mais la culture \u00e0 <strong>Orange<\/strong>\u00a0ne se limite pas \u00e0 l\u2019op\u00e9ra. Expositions, spectacles de rue, festivals folkloriques et \u00e9v\u00e9nements li\u00e9s au vin rythment l\u2019ann\u00e9e. Ces manifestations contribuent \u00e0 faire de la ville un <strong data-start=\"2332\" data-end=\"2354\">carrefour culturel<\/strong> dynamique et accessible.<\/p><h3 data-start=\"2383\" data-end=\"2423\">Gastronomie et sp\u00e9cialit\u00e9s locales<\/h3><p data-start=\"2424\" data-end=\"3008\">Le terroir d\u2019<strong>Orange<\/strong>\u00a0est riche et diversifi\u00e9. Les <strong data-start=\"2497\" data-end=\"2527\">vins de la vall\u00e9e du Rh\u00f4ne<\/strong>, notamment ceux de l\u2019appellation C\u00f4tes-du-Rh\u00f4ne et Ch\u00e2teauneuf-du-Pape, accompagnent id\u00e9alement les plats locaux. On y trouve aussi la <strong data-start=\"2663\" data-end=\"2679\">truffe noire<\/strong>, l\u2019huile d\u2019olive et une vari\u00e9t\u00e9 de fruits gorg\u00e9s de soleil.<br data-start=\"2739\" data-end=\"2742\" \/>C\u00f4t\u00e9 douceurs, le fameux <strong data-start=\"2767\" data-end=\"2787\">sabl\u00e9 du Th\u00e9\u00e2tre<\/strong> et les p\u00e2tisseries appel\u00e9es \u00ab Augustines \u00bb font partie des sp\u00e9cialit\u00e9s \u00e0 d\u00e9couvrir. Les restaurants et march\u00e9s locaux permettent aux visiteurs de go\u00fbter \u00e0 cette gastronomie proven\u00e7ale, qui associe tradition et qualit\u00e9.<\/p><h2 data-start=\"256\" data-end=\"294\">Histoire politique et d\u00e9mographie<\/h2><h3 data-start=\"296\" data-end=\"342\">De la principaut\u00e9 \u00e0 l\u2019annexion fran\u00e7aise<\/h3><p data-start=\"343\" data-end=\"718\">L\u2019histoire d\u2019<strong>Orange<\/strong>\u00a0est marqu\u00e9e par une singularit\u00e9 politique unique. Apr\u00e8s la chute de l\u2019Empire romain, la cit\u00e9 passa entre plusieurs mains, mais c\u2019est au Moyen \u00c2ge qu\u2019elle prit une importance particuli\u00e8re. D\u00e8s le XIe si\u00e8cle, elle devint le centre de la <strong data-start=\"622\" data-end=\"646\">principaut\u00e9 d\u2019Orange<\/strong>, un petit \u00c9tat ind\u00e9pendant qui rayonnait bien au-del\u00e0 de la Provence.<\/p><p data-start=\"720\" data-end=\"1097\">La principaut\u00e9 fut confi\u00e9e \u00e0 la puissante maison des <strong data-start=\"773\" data-end=\"783\">Nassau<\/strong>, et Guillaume le Taciturne, figure majeure de l\u2019histoire europ\u00e9enne, porta m\u00eame le titre de prince d\u2019Orange. C\u2019est \u00e0 travers ce lien que le nom \u00ab Orange \u00bb se retrouve associ\u00e9 aux Pays-Bas et \u00e0 leur dynastie royale. Ce destin international illustre combien la ville a compt\u00e9 dans l\u2019histoire politique europ\u00e9enne.<\/p><p data-start=\"1099\" data-end=\"1431\">En 1713, par le <strong data-start=\"1115\" data-end=\"1135\">trait\u00e9 d\u2019Utrecht<\/strong>, la principaut\u00e9 d\u2019Orange fut rattach\u00e9e \u00e0 la France. Ce moment marque la fin de son ind\u00e9pendance, mais aussi le d\u00e9but d\u2019une int\u00e9gration progressive dans le royaume, puis dans la R\u00e9publique fran\u00e7aise. Depuis lors, la ville conserve fi\u00e8rement ce pass\u00e9 prestigieux qui fait partie de son identit\u00e9.<\/p><h3 data-start=\"1433\" data-end=\"1469\">Population et soci\u00e9t\u00e9 actuelle<\/h3><p data-start=\"1470\" data-end=\"1736\">Aujourd\u2019hui, <strong>Orange<\/strong>\u00a0compte environ 30 000 habitants, appel\u00e9s les <strong data-start=\"1559\" data-end=\"1572\">Orangeois<\/strong>. La d\u00e9mographie est relativement stable, port\u00e9e par un m\u00e9lange entre tradition et attractivit\u00e9 \u00e9conomique.<br data-start=\"1679\" data-end=\"1682\" \/>L\u2019\u00e9conomie locale repose sur trois piliers majeurs :<\/p><ul data-start=\"1737\" data-end=\"2071\"><li data-start=\"1737\" data-end=\"1842\"><p data-start=\"1739\" data-end=\"1842\"><strong data-start=\"1739\" data-end=\"1756\">l\u2019agriculture<\/strong>, et notamment la viticulture, qui profite des sols fertiles de la vall\u00e9e du Rh\u00f4ne ;<\/p><\/li><li data-start=\"1843\" data-end=\"1928\"><p data-start=\"1845\" data-end=\"1928\"><strong data-start=\"1845\" data-end=\"1860\">le tourisme<\/strong>, attir\u00e9 par le patrimoine antique, la culture et la gastronomie ;<\/p><\/li><li data-start=\"1929\" data-end=\"2071\"><p data-start=\"1931\" data-end=\"2071\"><strong data-start=\"1931\" data-end=\"1960\">les services et commerces<\/strong>, soutenus par la situation g\u00e9ographique de la ville, proche d\u2019Avignon et bien desservie par les grands axes.<\/p><\/li><\/ul><p data-start=\"2073\" data-end=\"2277\">La soci\u00e9t\u00e9 orangeoise est \u00e9galement marqu\u00e9e par une forte identit\u00e9 proven\u00e7ale. Les traditions locales, comme les f\u00eates folkloriques, les march\u00e9s et les \u00e9v\u00e9nements culturels, rythment la vie quotidienne.<\/p><h3 data-start=\"2279\" data-end=\"2323\">Gouvernance locale et intercommunalit\u00e9<\/h3><p data-start=\"2324\" data-end=\"2643\">Sur le plan administratif, <strong>Orange<\/strong>\u00a0est aujourd\u2019hui int\u00e9gr\u00e9e \u00e0 la <strong data-start=\"2412\" data-end=\"2464\">communaut\u00e9 de communes Pays d\u2019Orange en Provence<\/strong>. Cette structure intercommunale regroupe plusieurs communes voisines et vise \u00e0 mutualiser les ressources pour le d\u00e9veloppement \u00e9conomique, culturel et touristique de la r\u00e9gion.<\/p><p data-start=\"2645\" data-end=\"2993\">La municipalit\u00e9, de son c\u00f4t\u00e9, joue un r\u00f4le actif dans la valorisation du patrimoine et l\u2019accueil des visiteurs. Des efforts constants sont r\u00e9alis\u00e9s pour pr\u00e9server les monuments antiques, am\u00e9liorer les infrastructures et dynamiser la vie culturelle. Cette gouvernance contribue \u00e0 maintenir Orange comme une destination de premier plan en Provence.<\/p><h2 data-start=\"169\" data-end=\"193\">Foire Aux Questions<\/h2><h3 data-start=\"195\" data-end=\"235\">Pourquoi Orange est-elle c\u00e9l\u00e8bre ?<\/h3><p data-start=\"236\" data-end=\"545\"><strong data-start=\"236\" data-end=\"266\">Orange (ville du Vaucluse)<\/strong> est connue dans le monde entier pour ses monuments antiques remarquablement conserv\u00e9s, notamment le <strong data-start=\"367\" data-end=\"386\">th\u00e9\u00e2tre antique<\/strong> et l\u2019<strong data-start=\"392\" data-end=\"411\">arc de triomphe<\/strong>, tous deux class\u00e9s au patrimoine mondial de l\u2019UNESCO. Elle est aussi r\u00e9put\u00e9e pour son festival lyrique, les <strong data-start=\"520\" data-end=\"542\">Chor\u00e9gies d\u2019Orange<\/strong>.<\/p><h3 data-start=\"547\" data-end=\"613\">Quelles sont les principales curiosit\u00e9s \u00e0 visiter \u00e0 Orange ?<\/h3><p data-start=\"614\" data-end=\"809\">Les incontournables incluent le th\u00e9\u00e2tre antique, l\u2019arc de triomphe, la colline Saint-Eutrope, le mus\u00e9e d\u2019Art et d\u2019Histoire, la cath\u00e9drale Notre-Dame-de-Nazareth et le march\u00e9 proven\u00e7al du jeudi.<\/p><h3 data-start=\"811\" data-end=\"850\">Que sont les Chor\u00e9gies d\u2019Orange ?<\/h3><p data-start=\"851\" data-end=\"1079\">Les <strong data-start=\"855\" data-end=\"877\">Chor\u00e9gies d\u2019Orange<\/strong> sont un festival lyrique international organis\u00e9 chaque \u00e9t\u00e9 dans le th\u00e9\u00e2tre antique. Gr\u00e2ce \u00e0 son acoustique exceptionnelle, il attire les plus grands artistes et des spectateurs venus du monde entier.<\/p><h3 data-start=\"1081\" data-end=\"1114\">Quand a \u00e9t\u00e9 fond\u00e9e Orange ?<\/h3><p data-start=\"1115\" data-end=\"1278\">La ville fut fond\u00e9e par les Romains au Ier si\u00e8cle av. J.-C. sous le nom de <em data-start=\"1190\" data-end=\"1232\">Colonia Julia Firma Secundanorum Arausio<\/em>. Elle est donc vieille de plus de 2000 ans.<\/p><h3 data-start=\"1280\" data-end=\"1323\">Quel jour a lieu le march\u00e9 d\u2019Orange ?<\/h3><p data-start=\"1324\" data-end=\"1473\">Le <strong data-start=\"1327\" data-end=\"1346\">march\u00e9 d\u2019Orange<\/strong> se tient chaque jeudi matin dans le centre-ville. Il s\u2019agit de l\u2019un des march\u00e9s les plus anciens de Provence, fond\u00e9 en 1414.<\/p><h3 data-start=\"1475\" data-end=\"1536\">Quelles sp\u00e9cialit\u00e9s locales peut-on d\u00e9guster \u00e0 Orange ?<\/h3><p data-start=\"1537\" data-end=\"1735\">Les visiteurs peuvent savourer des vins des <strong data-start=\"1581\" data-end=\"1599\">C\u00f4tes-du-Rh\u00f4ne<\/strong>, de l\u2019huile d\u2019olive, de la truffe noire, mais aussi des douceurs locales comme le sabl\u00e9 du Th\u00e9\u00e2tre et les p\u00e2tisseries \u00ab Augustines \u00bb.<\/p><h3 data-start=\"1737\" data-end=\"1786\">Comment se rendre \u00e0 Orange depuis Avignon ?<\/h3><p data-start=\"1787\" data-end=\"1983\">Orange est accessible en train (TER en provenance d\u2019Avignon ou de Marseille), en bus r\u00e9gional, ou en voiture via l\u2019autoroute A7. Son emplacement strat\u00e9gique facilite grandement les d\u00e9placements.<\/p><h3 data-start=\"1985\" data-end=\"2049\">Quelles sont les meilleures p\u00e9riodes pour visiter Orange ?<\/h3><p data-start=\"2050\" data-end=\"2272\">La meilleure p\u00e9riode s\u2019\u00e9tend de mai \u00e0 septembre, lorsque les festivals animent la ville et que le climat m\u00e9diterran\u00e9en est le plus agr\u00e9able. L\u2019automne est aussi id\u00e9al pour profiter des vignobles aux couleurs chatoyantes.<\/p><h3 data-start=\"2274\" data-end=\"2328\">Orange est-elle une ville adapt\u00e9e aux familles ?<\/h3><p data-start=\"2329\" data-end=\"2511\">Oui, <strong data-start=\"2334\" data-end=\"2364\">orange (ville du Vaucluse)<\/strong> propose des visites p\u00e9dagogiques adapt\u00e9es aux enfants, des parcs, des activit\u00e9s culturelles et des \u00e9v\u00e9nements familiaux tout au long de l\u2019ann\u00e9e.<\/p><h3 data-start=\"2513\" data-end=\"2567\">Y a-t-il d\u2019autres vestiges romains \u00e0 proximit\u00e9 ?<\/h3><p data-start=\"2568\" data-end=\"2753\">Oui, la r\u00e9gion est riche en patrimoine antique : <strong data-start=\"2617\" data-end=\"2638\">Vaison-la-Romaine<\/strong>, <strong data-start=\"2640\" data-end=\"2649\">N\u00eemes<\/strong> et <strong data-start=\"2653\" data-end=\"2662\">Arles<\/strong> offrent \u00e9galement des sites romains remarquables accessibles en excursion depuis Orange.<\/p><h2 data-start=\"2760\" data-end=\"2775\">Conclusion<\/h2><p data-start=\"2776\" data-end=\"3249\">Avec son patrimoine exceptionnel et sa vitalit\u00e9 culturelle, <strong>Orange<\/strong>\u00a0est bien plus qu\u2019une simple cit\u00e9 proven\u00e7ale. Elle incarne un <strong data-start=\"2928\" data-end=\"2968\">voyage \u00e0 travers 2000 ans d\u2019histoire<\/strong>, o\u00f9 les vestiges romains c\u00f4toient les traditions vivantes de la Provence. Entre le th\u00e9\u00e2tre antique majestueux, l\u2019arc de triomphe triomphal, son march\u00e9 color\u00e9 et ses festivals renomm\u00e9s, Orange s\u00e9duit \u00e0 la fois les passionn\u00e9s d\u2019histoire, les amateurs de culture et les \u00e9picuriens.<\/p><p data-start=\"3251\" data-end=\"3484\">Une visite d\u2019<strong data-start=\"3264\" data-end=\"3294\">orange (ville du Vaucluse)<\/strong>, c\u2019est d\u00e9couvrir une ville qui a su pr\u00e9server son \u00e2me tout en s\u2019ouvrant au monde. Elle reste aujourd\u2019hui un v\u00e9ritable joyau du patrimoine fran\u00e7ais et une \u00e9tape incontournable en Provence.<\/p><p data-start=\"3486\" data-end=\"3640\">\ud83d\udc49 Pour en savoir plus, d\u00e9couvrez plus de d\u00e9tails historiques sur cette commune dans <a class=\"decorated-link\" href=\"https:\/\/fr.wikipedia.org\/wiki\/Orange_%28Vaucluse%29?utm_source=chatgpt.com\" target=\"_new\" rel=\"noopener\" data-start=\"3571\" data-end=\"3637\">cet article<\/a>.<\/p>\t\t\t\t\t\t\t\t<\/div>\n\t\t\t\t\t<\/div>\n\t\t\t\t<\/div>\n\t\t<aside class=\"elementor-element elementor-element-8dd040f e-flex e-con-boxed e-con e-parent\" data-id=\"8dd040f\" data-element_type=\"container\" data-e-type=\"container\">\n\t\t\t\t\t<div class=\"e-con-inner\">\n\t\t\t\t<div class=\"elementor-element elementor-element-445357b elementor-widget elementor-widget-listeo-posts-grid\" data-id=\"445357b\" data-element_type=\"widget\" data-e-type=\"widget\" data-widget_type=\"listeo-posts-grid.default\">\n\t\t\t\t<div class=\"elementor-widget-container\">\n\t\t\t\t\t\t\t\n\t\t<div class=\"listeo-post-grid-wrapper\">\n\t\t\t<div class=\"row\">\n\n\t\t\t\n\n\t\t\t\t\t\t\t<div class=\"col-md-4\">\n                <a href=\"https:\/\/cparici.com\/fr\/festival-d-avignon\/\" class=\"blog-compact-item-container\">\n                    <div class=\"blog-compact-item\">\n                        <img decoding=\"async\" width=\"577\" height=\"204\" src=\"https:\/\/cparici.com\/wp-content\/uploads\/2024\/08\/festival-avignon.jpg\" class=\"attachment-listeo-blog-related-post size-listeo-blog-related-post wp-post-image\" alt=\"festival avignon\" srcset=\"https:\/\/cparici.com\/wp-content\/uploads\/2024\/08\/festival-avignon.jpg 1500w, https:\/\/cparici.com\/wp-content\/uploads\/2024\/08\/festival-avignon-600x212.jpg 600w, https:\/\/cparici.com\/wp-content\/uploads\/2024\/08\/festival-avignon-300x106.jpg 300w, https:\/\/cparici.com\/wp-content\/uploads\/2024\/08\/festival-avignon-1024x362.jpg 1024w, https:\/\/cparici.com\/wp-content\/uploads\/2024\/08\/festival-avignon-768x271.jpg 768w\" sizes=\"(max-width: 577px) 100vw, 577px\" \/><span class=\"blog-item-tag\">Avignon<\/span>                        \n                        <div class=\"blog-compact-item-content\">\n                                                        <h3>Festival d\u2019Avignon \u2013 Guide Complet<\/h3>\n                                                        <p>D\u00e9couvrez tout sur le Festival d'Avignon 2024 : historique, artistes c\u00e9l\u00e8bres, informations pratiques, logement, tarifs,...                            <\/p>\n                                                    <\/div>\n                    <\/div>\n                <\/a>\n            <\/div>\n\t\t\t<div class=\"col-md-4\">\n                <a href=\"https:\/\/cparici.com\/fr\/provence-alpes-cote-dazur\/\" class=\"blog-compact-item-container\">\n                    <div class=\"blog-compact-item\">\n                        <img decoding=\"async\" width=\"577\" height=\"226\" src=\"https:\/\/cparici.com\/wp-content\/uploads\/2024\/06\/provence-alpes-cote-dazur.jpg\" class=\"attachment-listeo-blog-related-post size-listeo-blog-related-post wp-post-image\" alt=\"provence alpes cote d&#039;azur\" srcset=\"https:\/\/cparici.com\/wp-content\/uploads\/2024\/06\/provence-alpes-cote-dazur.jpg 1500w, https:\/\/cparici.com\/wp-content\/uploads\/2024\/06\/provence-alpes-cote-dazur-600x235.jpg 600w, https:\/\/cparici.com\/wp-content\/uploads\/2024\/06\/provence-alpes-cote-dazur-300x118.jpg 300w, https:\/\/cparici.com\/wp-content\/uploads\/2024\/06\/provence-alpes-cote-dazur-1024x401.jpg 1024w, https:\/\/cparici.com\/wp-content\/uploads\/2024\/06\/provence-alpes-cote-dazur-768x301.jpg 768w\" sizes=\"(max-width: 577px) 100vw, 577px\" \/><span class=\"blog-item-tag\">France<\/span>                        \n                        <div class=\"blog-compact-item-content\">\n                                                        <h3>Provence Alpes C\u00f4te d\u2019Azur : destination incontournable<\/h3>\n                                                        <p>La r\u00e9gion Provence alpes c\u00f4te d'azur vous r\u00e9serve de belles surprises. Du Luberon \u00e0 la...                            <\/p>\n                                                    <\/div>\n                    <\/div>\n                <\/a>\n            <\/div>\n\t\t\t<div class=\"col-md-4\">\n                <a href=\"https:\/\/cparici.com\/fr\/plage-du-lavandou\/\" class=\"blog-compact-item-container\">\n                    <div class=\"blog-compact-item\">\n                        <img decoding=\"async\" width=\"577\" height=\"204\" src=\"https:\/\/cparici.com\/wp-content\/uploads\/2025\/02\/cparici-2025-02-19T070741.876-577x204.jpg\" class=\"attachment-listeo-blog-related-post size-listeo-blog-related-post wp-post-image\" alt=\"Plage du Lanvandou\" srcset=\"https:\/\/cparici.com\/wp-content\/uploads\/2025\/02\/cparici-2025-02-19T070741.876-577x204.jpg 577w, https:\/\/cparici.com\/wp-content\/uploads\/2025\/02\/cparici-2025-02-19T070741.876-300x106.jpg 300w, https:\/\/cparici.com\/wp-content\/uploads\/2025\/02\/cparici-2025-02-19T070741.876-1024x362.jpg 1024w, https:\/\/cparici.com\/wp-content\/uploads\/2025\/02\/cparici-2025-02-19T070741.876-768x271.jpg 768w, https:\/\/cparici.com\/wp-content\/uploads\/2025\/02\/cparici-2025-02-19T070741.876-590x208.jpg 590w, https:\/\/cparici.com\/wp-content\/uploads\/2025\/02\/cparici-2025-02-19T070741.876-1200x424.jpg 1200w, https:\/\/cparici.com\/wp-content\/uploads\/2025\/02\/cparici-2025-02-19T070741.876-600x212.jpg 600w, https:\/\/cparici.com\/wp-content\/uploads\/2025\/02\/cparici-2025-02-19T070741.876.jpg 1500w\" sizes=\"(max-width: 577px) 100vw, 577px\" \/><span class=\"blog-item-tag\">France<\/span>                        \n                        <div class=\"blog-compact-item-content\">\n                                                        <h3>Plage du Lavandou \u2013 le guide<\/h3>\n                                                        <p>D\u00e9couvrez la plage du Lavandou, un joyau de la C\u00f4te d'Azur, avec ses eaux turquoise,...                            <\/p>\n                                                    <\/div>\n                    <\/div>\n                <\/a>\n            <\/div>\n  <\/div>\n        <\/div>\n        \t\t\t\t<\/div>\n\t\t\t\t<\/div>\n\t\t\t\t\t<\/div>\n\t\t\t\t<\/aside>\n\t\t\t\t<\/div>\n\t\t","protected":false},"excerpt":{"rendered":"<p>Recherches populaires Categories Pas de r\u00e9sultats Voir tous les r\u00e9sultats Orange, joyau romain en Vaucluse : tr\u00e9sors, histoire et vie locale Situ\u00e9e au c\u0153ur de la Provence, Orange (ville du Vaucluse) est une cit\u00e9 charg\u00e9e d\u2019histoire, r\u00e9put\u00e9e dans le monde entier pour son patrimoine antique unique. Entre le Rh\u00f4ne et le Mont Ventoux, cette ville [&hellip;]<\/p>\n","protected":false},"author":97,"featured_media":70202,"comment_status":"closed","ping_status":"closed","sticky":false,"template":"elementor_header_footer","format":"standard","meta":{"ngg_post_thumbnail":0,"footnotes":""},"categories":[2805,477,995,1003],"tags":[],"class_list":["post-70201","post","type-post","status-publish","format-standard","has-post-thumbnail","hentry","category-orange","category-france","category-provence-alpes-cote-dazur","category-vaucluse"],"_links":{"self":[{"href":"https:\/\/cparici.com\/fr\/wp-json\/wp\/v2\/posts\/70201","targetHints":{"allow":["GET"]}}],"collection":[{"href":"https:\/\/cparici.com\/fr\/wp-json\/wp\/v2\/posts"}],"about":[{"href":"https:\/\/cparici.com\/fr\/wp-json\/wp\/v2\/types\/post"}],"author":[{"embeddable":true,"href":"https:\/\/cparici.com\/fr\/wp-json\/wp\/v2\/users\/97"}],"replies":[{"embeddable":true,"href":"https:\/\/cparici.com\/fr\/wp-json\/wp\/v2\/comments?post=70201"}],"version-history":[{"count":2,"href":"https:\/\/cparici.com\/fr\/wp-json\/wp\/v2\/posts\/70201\/revisions"}],"predecessor-version":[{"id":88445,"href":"https:\/\/cparici.com\/fr\/wp-json\/wp\/v2\/posts\/70201\/revisions\/88445"}],"wp:featuredmedia":[{"embeddable":true,"href":"https:\/\/cparici.com\/fr\/wp-json\/wp\/v2\/media\/70202"}],"wp:attachment":[{"href":"https:\/\/cparici.com\/fr\/wp-json\/wp\/v2\/media?parent=70201"}],"wp:term":[{"taxonomy":"category","embeddable":true,"href":"https:\/\/cparici.com\/fr\/wp-json\/wp\/v2\/categories?post=70201"},{"taxonomy":"post_tag","embeddable":true,"href":"https:\/\/cparici.com\/fr\/wp-json\/wp\/v2\/tags?post=70201"}],"curies":[{"name":"wp","href":"https:\/\/api.w.org\/{rel}","templated":true}]}}