{"id":70311,"date":"2025-09-12T08:25:54","date_gmt":"2025-09-12T06:25:54","guid":{"rendered":"https:\/\/cparici.com\/?p=70311"},"modified":"2025-09-12T08:28:18","modified_gmt":"2025-09-12T06:28:18","slug":"bastia","status":"publish","type":"post","link":"https:\/\/cparici.com\/fr\/bastia\/","title":{"rendered":"Bastia : cit\u00e9 g\u00e9noise entre patrimoine, mer et montagne"},"content":{"rendered":"\t\t<div data-elementor-type=\"wp-post\" data-elementor-id=\"70311\" class=\"elementor elementor-70311\" data-elementor-post-type=\"post\">\n\t\t\t\t<div class=\"elementor-element elementor-element-c5c3b8b e-con-full e-flex e-con e-parent\" data-id=\"c5c3b8b\" data-element_type=\"container\" data-e-type=\"container\">\n\t\t\t\t<div class=\"elementor-element elementor-element-a2792f2 elementor-widget elementor-widget-image\" data-id=\"a2792f2\" data-element_type=\"widget\" data-e-type=\"widget\" data-widget_type=\"image.default\">\n\t\t\t\t\t\t\t\t\t\t\t\t\t\t\t<img decoding=\"async\" width=\"1500\" height=\"530\" src=\"https:\/\/cparici.com\/wp-content\/uploads\/2025\/09\/cparici-2025-09-10T100818.272.jpg\" class=\"attachment-full size-full wp-image-70312\" alt=\"Bastia\" srcset=\"https:\/\/cparici.com\/wp-content\/uploads\/2025\/09\/cparici-2025-09-10T100818.272.jpg 1500w, https:\/\/cparici.com\/wp-content\/uploads\/2025\/09\/cparici-2025-09-10T100818.272-300x106.jpg 300w, https:\/\/cparici.com\/wp-content\/uploads\/2025\/09\/cparici-2025-09-10T100818.272-1024x362.jpg 1024w, https:\/\/cparici.com\/wp-content\/uploads\/2025\/09\/cparici-2025-09-10T100818.272-768x271.jpg 768w, https:\/\/cparici.com\/wp-content\/uploads\/2025\/09\/cparici-2025-09-10T100818.272-18x6.jpg 18w, https:\/\/cparici.com\/wp-content\/uploads\/2025\/09\/cparici-2025-09-10T100818.272-590x208.jpg 590w, https:\/\/cparici.com\/wp-content\/uploads\/2025\/09\/cparici-2025-09-10T100818.272-1200x424.jpg 1200w, https:\/\/cparici.com\/wp-content\/uploads\/2025\/09\/cparici-2025-09-10T100818.272-577x204.jpg 577w, https:\/\/cparici.com\/wp-content\/uploads\/2025\/09\/cparici-2025-09-10T100818.272-600x212.jpg 600w\" sizes=\"(max-width: 1500px) 100vw, 1500px\" \/>\t\t\t\t\t\t\t\t\t\t\t\t\t\t\t<\/div>\n\t\t\t\t<\/div>\n\t\t<aside class=\"elementor-element elementor-element-c85376f e-flex e-con-boxed e-con e-parent\" data-id=\"c85376f\" data-element_type=\"container\" data-e-type=\"container\">\n\t\t\t\t\t<div class=\"e-con-inner\">\n\t\t\t\t<div class=\"elementor-element elementor-element-5f13739 elementor-widget elementor-widget-global elementor-global-62046 elementor-widget-eael-advanced-search\" data-id=\"5f13739\" data-element_type=\"widget\" data-e-type=\"widget\" data-widget_type=\"eael-advanced-search.default\">\n\t\t\t\t\t        <div class=\"eael-adv-search-wrapper\">\n            <div id=\"eael-advanced-search-widget-5f13739\" class=\"eael-advanced-search-widget\">\n                <form data-settings=\"{&quot;post_per_page&quot;:5,&quot;search_among_taxonomies&quot;:&quot;&quot;,&quot;search_among_sku&quot;:&quot;no&quot;,&quot;show_popular_keyword&quot;:0,&quot;show_category&quot;:0,&quot;show_content_image&quot;:1,&quot;show_search_result_all_results&quot;:0,&quot;result_on_new_tab&quot;:&quot;no&quot;,&quot;show_product_price&quot;:&quot;no&quot;,&quot;include_current_page&quot;:&quot;no&quot;,&quot;current_post_id&quot;:70311,&quot;post_type&quot;:[&quot;post&quot;,&quot;listing&quot;]}\" method=\"POST\" name=\"eael-advanced-search-form-5f13739\" class=\"eael-advanced-search-form eael-advanced-search-form-style-2\">\n                    <div class=\"eael-advanced-search-wrap\">\n                        <span class=\"eael-adv-search-loader\"><\/span>\n                        <span class=\"eael-adv-search-close\"><i class=\"fas fa-times\"><\/i><\/span>\n                        <span class=\"icon \"><i class=\"fas fa-search\"><\/i><\/span>\n\n                        <input type=\"text\"\n                               placeholder=\"Votre destination\"\n                               class=\"eael-advanced-search\" autocomplete=\"off\" name=\"eael_advanced_search\">\n                    <\/div>\n\t\t\t\t\t                                    <\/form>\n\n\t\t\t\t\n\t\t\t\t        <div class=\"eael-advanced-search-result\">\n            <div class=\"eael-advanced-search-popular-keyword\">\n\t\t\t\t<h4 class=\"eael-advanced-search-popular-keyword-text\">Recherches populaires<\/h4>                <div class=\"eael-popular-keyword-content\"><\/div>\n            <\/div>\n            <div class=\"eael-advanced-search-category\">\n\t\t\t\t<h4 class=\"eael-advanced-search-category-text\">Categories<\/h4>                <div class=\"eael-popular-category-content\"><\/div>\n            <\/div>\n\t\t\t<div class=\"eael-advanced-search-total-results-section\">\n\t\t\t\t\t\t\t<\/div>\n            <div class=\"eael-advanced-search-content eael-item-style-3\">\n            <\/div>\n            <div class=\"eael-advanced-search-not-found\">\n                <p>Pas de r\u00e9sultats<\/p><\/div>\n            <div class=\"eael-advanced-search-load-more\">\n\t\t\t\t<a \tclass=\"eael-advanced-search-load-more-button\"\n                \thref=\"#\">Voir tous les r\u00e9sultats<\/a>\n            <\/div>\n        <\/div>\n\n\t\t            <\/div>\n        <\/div>\n\n\t\t\t\t\t\t<\/div>\n\t\t\t\t\t<\/div>\n\t\t\t\t<\/aside>\n\t\t<div class=\"elementor-element elementor-element-32e753c5 e-flex e-con-boxed e-con e-parent\" data-id=\"32e753c5\" data-element_type=\"container\" data-e-type=\"container\">\n\t\t\t\t\t<div class=\"e-con-inner\">\n\t\t\t\t<div class=\"elementor-element elementor-element-513dc7a6 elementor-widget elementor-widget-text-editor\" data-id=\"513dc7a6\" data-element_type=\"widget\" data-e-type=\"widget\" data-widget_type=\"text-editor.default\">\n\t\t\t\t\t\t\t\t\t<h1 style=\"text-align: center;\" data-start=\"672\" data-end=\"1325\">Bastia : cit\u00e9 g\u00e9noise entre patrimoine, mer et montagne<\/h1>\r\n<p data-start=\"672\" data-end=\"1325\">Situ\u00e9e entre la mer Tyrrh\u00e9nienne et les reliefs abrupts de la <a href=\"https:\/\/cparici.com\/haute-corse\/\">Haute-Corse<\/a>, <strong data-start=\"747\" data-end=\"757\">Bastia<\/strong> est une ville qui s\u00e9duit par son m\u00e9lange unique d\u2019histoire, de culture et de modernit\u00e9. Ancienne capitale insulaire, elle doit son nom \u00e0 une fortification g\u00e9noise du XIVe si\u00e8cle et conserve encore aujourd\u2019hui ce caract\u00e8re d\u00e9fensif et maritime. Ville-port essentielle pour les \u00e9changes \u00e9conomiques, elle attire chaque ann\u00e9e des visiteurs curieux de d\u00e9couvrir son patrimoine baroque, ses places vivantes et son authenticit\u00e9. Situ\u00e9e au nord-est <a href=\"https:\/\/cparici.com\/visiter-la-france-guide-des-regions-et-sites-touristiques\/\"><strong data-start=\"1200\" data-end=\"1211\">du pays<\/strong><\/a>, Bastia incarne \u00e0 elle seule l\u2019esprit de la <a href=\"https:\/\/cparici.com\/corse-guide-complet\/\">Corse<\/a>, entre traditions m\u00e9diterran\u00e9ennes et ouverture sur le monde.<\/p>\r\n\r\n<h2 data-start=\"160\" data-end=\"207\">Que faire \u00e0 Bastia : les 10 incontournables<\/h2>\r\n<h3 data-start=\"209\" data-end=\"274\">1. Se balader dans la Citadelle (Terra Vecchia \/ Terra Nova)<\/h3>\r\n<p data-start=\"275\" data-end=\"727\">La <strong data-start=\"278\" data-end=\"301\">citadelle de Bastia<\/strong> a \u00e9t\u00e9 \u00e9difi\u00e9e au XIVe si\u00e8cle par les G\u00e9nois pour prot\u00e9ger la ville des invasions. Ce quartier fortifi\u00e9, aussi appel\u00e9 <em data-start=\"419\" data-end=\"431\">Terra Nova<\/em>, domine la mer et offre des panoramas \u00e0 couper le souffle. On y d\u00e9couvre des maisons anciennes aux fa\u00e7ades color\u00e9es, des ruelles pav\u00e9es et des points de vue incroyables sur le Vieux Port.<br data-start=\"619\" data-end=\"622\">\ud83d\udc49 Conseil pratique : montez en fin d\u2019apr\u00e8s-midi pour admirer le coucher du soleil depuis les remparts.<\/p>\r\n<p data-start=\"275\" data-end=\"727\"><a href=\"https:\/\/cparici.com\/wp-content\/uploads\/2025\/09\/cparici-2025-09-10T101156.279.jpg\"><img decoding=\"async\" class=\"aligncenter wp-image-70313 size-full\" src=\"https:\/\/cparici.com\/wp-content\/uploads\/2025\/09\/cparici-2025-09-10T101156.279.jpg\" alt=\"Que faire a Bastia la citadelle\" width=\"1500\" height=\"530\" srcset=\"https:\/\/cparici.com\/wp-content\/uploads\/2025\/09\/cparici-2025-09-10T101156.279.jpg 1500w, https:\/\/cparici.com\/wp-content\/uploads\/2025\/09\/cparici-2025-09-10T101156.279-300x106.jpg 300w, https:\/\/cparici.com\/wp-content\/uploads\/2025\/09\/cparici-2025-09-10T101156.279-1024x362.jpg 1024w, https:\/\/cparici.com\/wp-content\/uploads\/2025\/09\/cparici-2025-09-10T101156.279-768x271.jpg 768w, https:\/\/cparici.com\/wp-content\/uploads\/2025\/09\/cparici-2025-09-10T101156.279-18x6.jpg 18w, https:\/\/cparici.com\/wp-content\/uploads\/2025\/09\/cparici-2025-09-10T101156.279-590x208.jpg 590w, https:\/\/cparici.com\/wp-content\/uploads\/2025\/09\/cparici-2025-09-10T101156.279-1200x424.jpg 1200w, https:\/\/cparici.com\/wp-content\/uploads\/2025\/09\/cparici-2025-09-10T101156.279-577x204.jpg 577w, https:\/\/cparici.com\/wp-content\/uploads\/2025\/09\/cparici-2025-09-10T101156.279-600x212.jpg 600w\" sizes=\"(max-width: 1500px) 100vw, 1500px\" \/><\/a><\/p>\r\n\r\n<h3 data-start=\"734\" data-end=\"764\">2. Explorer le Vieux Port<\/h3>\r\n<p data-start=\"765\" data-end=\"1176\">Le <strong data-start=\"768\" data-end=\"782\">Vieux Port<\/strong> est le c\u0153ur vivant de Bastia. Bord\u00e9 de b\u00e2timents aux tons pastel, il concentre aujourd\u2019hui restaurants, terrasses et caf\u00e9s o\u00f9 l\u2019on d\u00e9guste des sp\u00e9cialit\u00e9s corses. Anciennement port de p\u00eache, il conserve son charme authentique avec les barques traditionnelles amarr\u00e9es aux quais.<br data-start=\"1061\" data-end=\"1064\">\ud83d\udc49 \u00c0 ne pas manquer : la vue sur l\u2019\u00e9glise Saint-Jean-Baptiste, la plus grande de Corse, qui surplombe le port.<\/p>\r\n\r\n<h3 data-start=\"1183\" data-end=\"1226\">3. D\u00e9couvrir le Palais des Gouverneurs<\/h3>\r\n<p data-start=\"1227\" data-end=\"1648\">Class\u00e9 Monument Historique, le <strong data-start=\"1258\" data-end=\"1284\">Palais des Gouverneurs<\/strong> est un symbole de l\u2019\u00e9poque g\u00e9noise. Ce b\u00e2timent imposant, situ\u00e9 dans la citadelle, abrite aujourd\u2019hui le mus\u00e9e de Bastia. On y d\u00e9couvre des collections sur l\u2019histoire de la ville, l\u2019art baroque et la culture corse.<br data-start=\"1499\" data-end=\"1502\">\ud83d\udc49 Astuce : pr\u00e9voyez une \u00e0 deux heures pour profiter pleinement des expositions et des terrasses offrant une vue magnifique sur la M\u00e9diterran\u00e9e.<\/p>\r\n\r\n<h3 data-start=\"1655\" data-end=\"1696\">4. Fl\u00e2ner dans les Jardins de Romieu<\/h3>\r\n<p data-start=\"1697\" data-end=\"2014\">Situ\u00e9s entre la citadelle et le Vieux Port, les <strong data-start=\"1745\" data-end=\"1766\">Jardins de Romieu<\/strong> offrent un cadre id\u00e9al pour une promenade. Am\u00e9nag\u00e9s au XIXe si\u00e8cle, ils sont compos\u00e9s d\u2019escaliers majestueux, de terrasses ombrag\u00e9es et de v\u00e9g\u00e9tation m\u00e9diterran\u00e9enne.<br data-start=\"1933\" data-end=\"1936\">\ud83d\udc49 Parfait pour une pause au calme, surtout lors des chaudes journ\u00e9es d\u2019\u00e9t\u00e9.<\/p>\r\n\r\n<h3 data-start=\"2021\" data-end=\"2063\">5. Admirer la Cath\u00e9drale Sainte-Marie<\/h3>\r\n<p data-start=\"2064\" data-end=\"2427\">Construite en 1495, la <strong data-start=\"2087\" data-end=\"2114\">cath\u00e9drale Sainte-Marie<\/strong> est un chef-d&#8217;\u0153uvre de l\u2019art baroque. L\u2019int\u00e9rieur est richement d\u00e9cor\u00e9 de dorures, de fresques et d\u2019\u0153uvres d\u2019art sacr\u00e9. C\u2019est ici que se d\u00e9roulent certaines c\u00e9r\u00e9monies religieuses majeures de Bastia.<br data-start=\"2314\" data-end=\"2317\">\ud83d\udc49 Ne manquez pas la statue de l\u2019Assomption en argent massif, utilis\u00e9e chaque 15 ao\u00fbt lors de la procession.&nbsp;<\/p>\r\n<p data-start=\"2064\" data-end=\"2427\"><a href=\"https:\/\/cparici.com\/wp-content\/uploads\/2025\/09\/cparici-2025-09-10T110257.277.jpg\"><img decoding=\"async\" class=\"aligncenter wp-image-70314 size-full\" src=\"https:\/\/cparici.com\/wp-content\/uploads\/2025\/09\/cparici-2025-09-10T110257.277.jpg\" alt=\"Que faire a Bastia cath\u00e9drale Sainte Marie\" width=\"1500\" height=\"530\" srcset=\"https:\/\/cparici.com\/wp-content\/uploads\/2025\/09\/cparici-2025-09-10T110257.277.jpg 1500w, https:\/\/cparici.com\/wp-content\/uploads\/2025\/09\/cparici-2025-09-10T110257.277-300x106.jpg 300w, https:\/\/cparici.com\/wp-content\/uploads\/2025\/09\/cparici-2025-09-10T110257.277-1024x362.jpg 1024w, https:\/\/cparici.com\/wp-content\/uploads\/2025\/09\/cparici-2025-09-10T110257.277-768x271.jpg 768w, https:\/\/cparici.com\/wp-content\/uploads\/2025\/09\/cparici-2025-09-10T110257.277-18x6.jpg 18w, https:\/\/cparici.com\/wp-content\/uploads\/2025\/09\/cparici-2025-09-10T110257.277-590x208.jpg 590w, https:\/\/cparici.com\/wp-content\/uploads\/2025\/09\/cparici-2025-09-10T110257.277-1200x424.jpg 1200w, https:\/\/cparici.com\/wp-content\/uploads\/2025\/09\/cparici-2025-09-10T110257.277-577x204.jpg 577w, https:\/\/cparici.com\/wp-content\/uploads\/2025\/09\/cparici-2025-09-10T110257.277-600x212.jpg 600w\" sizes=\"(max-width: 1500px) 100vw, 1500px\" \/><\/a><\/p>\r\n\r\n<h3 data-start=\"2434\" data-end=\"2479\">6. Visiter l\u2019Oratoire de la Sainte-Croix<\/h3>\r\n<p data-start=\"2480\" data-end=\"2804\">L\u2019<strong data-start=\"2482\" data-end=\"2513\">Oratoire de la Sainte-Croix<\/strong>, datant du XVIe si\u00e8cle, est l\u2019un des \u00e9difices religieux les plus embl\u00e9matiques de Bastia. Il abrite le c\u00e9l\u00e8bre <strong data-start=\"2625\" data-end=\"2653\">Christ Noir des Miracles<\/strong>, retrouv\u00e9 en mer et consid\u00e9r\u00e9 comme protecteur de la ville.<br data-start=\"2713\" data-end=\"2716\">\ud83d\udc49 L\u2019int\u00e9rieur, orn\u00e9 de stucs et de peintures baroques, est un joyau \u00e0 ne pas manquer.<\/p>\r\n\r\n<h3 data-start=\"2811\" data-end=\"2853\">7. Profiter de la Place Saint-Nicolas<\/h3>\r\n<p data-start=\"2854\" data-end=\"3215\">Avec ses 300 m\u00e8tres de long, la <strong data-start=\"2886\" data-end=\"2909\">place Saint-Nicolas<\/strong> est l\u2019une des plus grandes places d\u2019Europe. Elle est bord\u00e9e de caf\u00e9s, de terrasses et de palmiers. V\u00e9ritable lieu de rencontre des Bastiais, elle accueille des march\u00e9s, des concerts et des foires.<br data-start=\"3106\" data-end=\"3109\">\ud83d\udc49 \u00c0 voir absolument : la statue de Napol\u00e9on en empereur romain tr\u00f4nant fi\u00e8rement au centre de la place.<\/p>\r\n\r\n<h3 data-start=\"3222\" data-end=\"3268\">8. Se promener dans les ruelles anciennes<\/h3>\r\n<p data-start=\"3269\" data-end=\"3673\">Le charme de <strong data-start=\"3282\" data-end=\"3292\">Bastia<\/strong> r\u00e9side aussi dans ses petites rues pittoresques. En vous promenant, vous d\u00e9couvrirez des fa\u00e7ades patin\u00e9es par le temps, des boutiques artisanales et des maisons historiques. Certaines ruelles m\u00e8nent \u00e0 des points de vue impr\u00e9vus sur la mer ou les collines environnantes.<br data-start=\"3562\" data-end=\"3565\">\ud83d\udc49 Conseil : perdez-vous volontairement dans la <em data-start=\"3613\" data-end=\"3628\">Terra Vecchia<\/em> pour ressentir l\u2019authenticit\u00e9 de la ville.<\/p>\r\n\r\n<h3 data-start=\"3680\" data-end=\"3724\">9. Faire une excursion en pleine nature<\/h3>\r\n<p data-start=\"3725\" data-end=\"3808\">Depuis Bastia, de nombreuses excursions permettent de d\u00e9couvrir la nature corse :<\/p>\r\n\r\n<ul data-start=\"3809\" data-end=\"4205\">\r\n \t<li data-start=\"3809\" data-end=\"3890\">\r\n<p data-start=\"3811\" data-end=\"3890\">Le <strong data-start=\"3814\" data-end=\"3827\">Cap Corse<\/strong>, p\u00e9ninsule sauvage aux villages perch\u00e9s et criques secr\u00e8tes.<\/p>\r\n<\/li>\r\n \t<li data-start=\"3891\" data-end=\"4006\">\r\n<p data-start=\"3893\" data-end=\"4006\">Le <strong data-start=\"3896\" data-end=\"3919\">d\u00e9sert des Agriates<\/strong>, accessible en bateau ou en randonn\u00e9e, avec ses plages paradisiaques comme Saleccia.<\/p>\r\n<\/li>\r\n \t<li data-start=\"4007\" data-end=\"4205\">\r\n<p data-start=\"4009\" data-end=\"4205\">La <strong data-start=\"4012\" data-end=\"4035\">R\u00e9serve de Scandola<\/strong> et les <strong data-start=\"4043\" data-end=\"4065\">Calanques de Piana<\/strong>, inscrites au patrimoine mondial de l\u2019UNESCO.<br data-start=\"4111\" data-end=\"4114\">\ud83d\udc49 Id\u00e9al pour les amateurs de randonn\u00e9es, de paysages pr\u00e9serv\u00e9s et d\u2019aventures maritimes.<\/p>\r\n<\/li>\r\n<\/ul>\r\n<a href=\"https:\/\/cparici.com\/wp-content\/uploads\/2025\/09\/cparici-2025-09-09T193648.877-1.jpg\"><img decoding=\"async\" class=\"aligncenter wp-image-70315 size-full\" src=\"https:\/\/cparici.com\/wp-content\/uploads\/2025\/09\/cparici-2025-09-09T193648.877-1.jpg\" alt=\"Bastia visite des calanque de Piana\" width=\"1500\" height=\"530\" srcset=\"https:\/\/cparici.com\/wp-content\/uploads\/2025\/09\/cparici-2025-09-09T193648.877-1.jpg 1500w, https:\/\/cparici.com\/wp-content\/uploads\/2025\/09\/cparici-2025-09-09T193648.877-1-300x106.jpg 300w, https:\/\/cparici.com\/wp-content\/uploads\/2025\/09\/cparici-2025-09-09T193648.877-1-1024x362.jpg 1024w, https:\/\/cparici.com\/wp-content\/uploads\/2025\/09\/cparici-2025-09-09T193648.877-1-768x271.jpg 768w, https:\/\/cparici.com\/wp-content\/uploads\/2025\/09\/cparici-2025-09-09T193648.877-1-18x6.jpg 18w, https:\/\/cparici.com\/wp-content\/uploads\/2025\/09\/cparici-2025-09-09T193648.877-1-590x208.jpg 590w, https:\/\/cparici.com\/wp-content\/uploads\/2025\/09\/cparici-2025-09-09T193648.877-1-1200x424.jpg 1200w, https:\/\/cparici.com\/wp-content\/uploads\/2025\/09\/cparici-2025-09-09T193648.877-1-577x204.jpg 577w, https:\/\/cparici.com\/wp-content\/uploads\/2025\/09\/cparici-2025-09-09T193648.877-1-600x212.jpg 600w\" sizes=\"(max-width: 1500px) 100vw, 1500px\" \/><\/a>\r\n<h3 data-start=\"4212\" data-end=\"4279\">10. Se laisser tenter par les activit\u00e9s nautiques ou a\u00e9riennes<\/h3>\r\n<p data-start=\"4280\" data-end=\"4651\">Bastia n\u2019est pas seulement culturelle : c\u2019est aussi un point de d\u00e9part pour des exp\u00e9riences fortes. Vous pouvez pratiquer le <strong data-start=\"4405\" data-end=\"4419\">snorkeling<\/strong>, la <strong data-start=\"4424\" data-end=\"4447\">plong\u00e9e sous-marine<\/strong>, ou encore d\u00e9couvrir la Corse vue du ciel en <strong data-start=\"4493\" data-end=\"4515\">ULM ou gyrocopt\u00e8re<\/strong>.<br data-start=\"4516\" data-end=\"4519\">\ud83d\udc49 Ces activit\u00e9s permettent d\u2019admirer la richesse des fonds marins et la beaut\u00e9 des paysages insulaires d\u2019une mani\u00e8re inoubliable.<\/p>\r\n\r\n<h2 data-start=\"115\" data-end=\"170\">Patrimoine et culture : art de vivre \u00e0 l\u2019italienne<\/h2>\r\n<p data-start=\"172\" data-end=\"460\">Si Ajaccio incarne la m\u00e9moire napol\u00e9onienne, <strong data-start=\"217\" data-end=\"227\">Bastia<\/strong> rayonne par son h\u00e9ritage g\u00e9nois et son ambiance m\u00e9diterran\u00e9enne. Ville labellis\u00e9e <strong data-start=\"310\" data-end=\"343\">\u00ab Ville d\u2019Art et d\u2019Histoire \u00bb<\/strong>, elle poss\u00e8de un patrimoine architectural et culturel exceptionnel, t\u00e9moin de si\u00e8cles d\u2019\u00e9changes et de m\u00e9tissages.<\/p>\r\n\r\n<h3 data-start=\"462\" data-end=\"502\">La citadelle et le c\u0153ur historique<\/h3>\r\n<p data-start=\"504\" data-end=\"792\">La citadelle de <strong data-start=\"520\" data-end=\"530\">Bastia<\/strong>, construite au XVe si\u00e8cle par les G\u00e9nois, domine encore la ville et la mer. Ce quartier fortifi\u00e9, appel\u00e9 <em data-start=\"636\" data-end=\"648\">Terra Nova<\/em>, abrite le <strong data-start=\"660\" data-end=\"686\">palais des Gouverneurs<\/strong>, aujourd\u2019hui transform\u00e9 en mus\u00e9e. Ses remparts offrent une vue imprenable sur le vieux port et la c\u00f4te.<\/p>\r\n<p data-start=\"794\" data-end=\"1021\">En contrebas, le quartier de la <em data-start=\"826\" data-end=\"841\">Terra Vecchia<\/em> est un v\u00e9ritable d\u00e9dale de ruelles \u00e9troites, de fa\u00e7ades color\u00e9es et de places vivantes. C\u2019est ici que bat le c\u0153ur populaire de la ville, entre caf\u00e9s anim\u00e9s et petites boutiques.<\/p>\r\n\r\n<h3 data-start=\"1023\" data-end=\"1064\">Les \u00e9glises baroques et l\u2019art sacr\u00e9<\/h3>\r\n<p data-start=\"1066\" data-end=\"1170\"><strong data-start=\"1066\" data-end=\"1076\">Bastia<\/strong> est r\u00e9put\u00e9e pour ses nombreuses \u00e9glises baroques, qui t\u00e9moignent de l\u2019influence italienne :<\/p>\r\n\r\n<ul data-start=\"1172\" data-end=\"1464\">\r\n \t<li data-start=\"1172\" data-end=\"1293\">\r\n<p data-start=\"1174\" data-end=\"1293\"><strong data-start=\"1174\" data-end=\"1197\">Saint-Jean-Baptiste<\/strong>, la plus grande \u00e9glise de Corse, avec ses deux clochers embl\u00e9matiques dominant le vieux port.<\/p>\r\n<\/li>\r\n \t<li data-start=\"1294\" data-end=\"1389\">\r\n<p data-start=\"1296\" data-end=\"1389\"><strong data-start=\"1296\" data-end=\"1334\">Oratoire de l\u2019Immacul\u00e9e Conception<\/strong>, richement d\u00e9cor\u00e9, o\u00f9 se m\u00ealent fresques et dorures.<\/p>\r\n<\/li>\r\n \t<li data-start=\"1390\" data-end=\"1464\">\r\n<p data-start=\"1392\" data-end=\"1464\"><strong data-start=\"1392\" data-end=\"1408\">Sainte-Croix<\/strong>, connue pour son crucifix miraculeux retrouv\u00e9 en mer.<\/p>\r\n<\/li>\r\n<\/ul>\r\n<p data-start=\"1466\" data-end=\"1551\">Ces \u00e9difices religieux renforcent l\u2019identit\u00e9 culturelle et spirituelle de la ville.<\/p>\r\n\r\n<h3 data-start=\"1553\" data-end=\"1590\">Places, jardins et art de vivre<\/h3>\r\n<p data-start=\"1592\" data-end=\"1911\">La <strong data-start=\"1595\" data-end=\"1618\">place Saint-Nicolas<\/strong> est l\u2019un des lieux embl\u00e9matiques de <strong data-start=\"1655\" data-end=\"1665\">Bastia<\/strong>. Longue de plus de 300 m\u00e8tres, bord\u00e9e de caf\u00e9s et de palmiers, elle est le th\u00e9\u00e2tre de concerts, march\u00e9s et \u00e9v\u00e9nements. V\u00e9ritable agora moderne, elle illustre l\u2019art de vivre m\u00e9diterran\u00e9en : prendre le temps, partager et observer la vie urbaine.<\/p>\r\n<p data-start=\"1913\" data-end=\"2181\">La ville compte aussi plusieurs jardins remarquables, comme le <strong data-start=\"1976\" data-end=\"1993\">jardin Romieu<\/strong>, qui relie la citadelle au port, ou encore le <strong data-start=\"2040\" data-end=\"2057\">jardin Gaudin<\/strong>, espace botanique \u00e0 vocation p\u00e9dagogique. Ces havres de verdure offrent un contraste apaisant avec l\u2019intensit\u00e9 du centre.<\/p>\r\n\r\n<h3 data-start=\"2183\" data-end=\"2217\">Vie culturelle et traditions<\/h3>\r\n<p data-start=\"2219\" data-end=\"2321\">Tout au long de l\u2019ann\u00e9e, <strong data-start=\"2244\" data-end=\"2254\">Bastia<\/strong> c\u00e9l\u00e8bre son identit\u00e9 \u00e0 travers des festivals et des \u00e9v\u00e9nements :<\/p>\r\n\r\n<ul data-start=\"2323\" data-end=\"2587\">\r\n \t<li data-start=\"2323\" data-end=\"2381\">\r\n<p data-start=\"2325\" data-end=\"2381\"><strong data-start=\"2325\" data-end=\"2352\">Les Nuits de la guitare<\/strong>, festival musical renomm\u00e9.<\/p>\r\n<\/li>\r\n \t<li data-start=\"2382\" data-end=\"2465\">\r\n<p data-start=\"2384\" data-end=\"2465\"><strong data-start=\"2384\" data-end=\"2421\">Le festival du film m\u00e9diterran\u00e9en<\/strong>, qui attire cin\u00e9philes et professionnels.<\/p>\r\n<\/li>\r\n \t<li data-start=\"2466\" data-end=\"2587\">\r\n<p data-start=\"2468\" data-end=\"2587\">Les c\u00e9l\u00e9brations religieuses comme la procession du Vendredi Saint, moments de ferveur et de transmission culturelle.<\/p>\r\n<\/li>\r\n<\/ul>\r\n<p data-start=\"2589\" data-end=\"2701\">Cet agenda culturel dynamique contribue \u00e0 faire de Bastia une ville o\u00f9 pass\u00e9 et pr\u00e9sent dialoguent sans cesse.<\/p>\r\n\r\n<h2 data-start=\"99\" data-end=\"146\">Actualit\u00e9 et sc\u00e8ne contemporaine bastiaise<\/h2>\r\n<p data-start=\"148\" data-end=\"414\">Si l\u2019histoire et le patrimoine forgent l\u2019identit\u00e9 de <strong data-start=\"201\" data-end=\"211\">Bastia<\/strong>, la ville vit aussi au rythme de l\u2019actualit\u00e9, des d\u00e9bats sociaux et des cr\u00e9ations contemporaines. Elle reste un lieu o\u00f9 se croisent traditions insulaires, enjeux politiques et innovations culturelles.<\/p>\r\n\r\n<h3 data-start=\"416\" data-end=\"464\">Les enjeux soci\u00e9taux et politiques r\u00e9cents<\/h3>\r\n<p data-start=\"466\" data-end=\"940\">Ces derni\u00e8res ann\u00e9es, <strong data-start=\"488\" data-end=\"498\">Bastia<\/strong> a \u00e9t\u00e9 le th\u00e9\u00e2tre de plusieurs affaires qui ont marqu\u00e9 l\u2019opinion publique. Parmi elles, l\u2019affaire dite de la <em data-start=\"607\" data-end=\"635\">vendetta de Bastia-Poretta<\/em>, un double assassinat li\u00e9 au grand banditisme corse, a rappel\u00e9 les tensions encore pr\u00e9sentes dans certains milieux. De m\u00eame, des d\u00e9bats autour de l\u2019accueil de SOS M\u00e9diterran\u00e9e ont mis en lumi\u00e8re les fractures sociales et politiques qui traversent la ville, entre solidarit\u00e9 et crispations identitaires.<\/p>\r\n<p data-start=\"942\" data-end=\"1143\">Ces \u00e9v\u00e9nements montrent que <strong data-start=\"970\" data-end=\"980\">Bastia<\/strong> n\u2019est pas seulement une ville fig\u00e9e dans son pass\u00e9 g\u00e9nois : elle est aussi un espace o\u00f9 s\u2019expriment les dynamiques et contradictions contemporaines de la Corse.<\/p>\r\n\r\n<h3 data-start=\"1145\" data-end=\"1203\">Une sc\u00e8ne culturelle et gastronomique en plein essor<\/h3>\r\n<p data-start=\"1205\" data-end=\"1597\">\u00c0 c\u00f4t\u00e9 de ces enjeux, <strong data-start=\"1227\" data-end=\"1237\">Bastia<\/strong> s\u00e9duit par son dynamisme artistique et culinaire. La sc\u00e8ne gastronomique se r\u00e9invente avec des chefs qui valorisent les produits du terroir corse \u2013 miel du maquis, vins de Patrimonio, charcuterie artisanale \u2013 tout en les revisitant de mani\u00e8re moderne. Les march\u00e9s locaux, comme celui de la place Saint-Nicolas, offrent une vitrine vivante de cette richesse.<\/p>\r\n<p data-start=\"1599\" data-end=\"1859\">Sur le plan culturel, <strong data-start=\"1621\" data-end=\"1631\">Bastia<\/strong> accueille chaque ann\u00e9e de nombreux \u00e9v\u00e9nements qui rassemblent habitants et visiteurs. La ville s\u2019affirme comme un p\u00f4le cr\u00e9atif avec des festivals de musique, des expositions d\u2019art contemporain et des initiatives associatives.<\/p>\r\n\r\n<h3 data-start=\"1861\" data-end=\"1903\">Une identit\u00e9 vivante et en mouvement<\/h3>\r\n<p data-start=\"1905\" data-end=\"2243\">Ce qui frappe \u00e0 <strong data-start=\"1921\" data-end=\"1931\">Bastia<\/strong>, c\u2019est sa capacit\u00e9 \u00e0 conjuguer h\u00e9ritage et modernit\u00e9. Ses habitants cultivent un attachement profond \u00e0 leur identit\u00e9 corse, tout en s\u2019ouvrant aux influences m\u00e9diterran\u00e9ennes. Cette dualit\u00e9 se retrouve autant dans les caf\u00e9s anim\u00e9s de la vieille ville que dans les d\u00e9bats publics ou dans la sc\u00e8ne gastronomique.<\/p>\r\n<p data-start=\"2245\" data-end=\"2376\">En somme, <strong data-start=\"2255\" data-end=\"2265\">Bastia<\/strong> est une ville qui vit, qui bouge, et qui ne cesse de se r\u00e9inventer, sans jamais rompre avec son \u00e2me g\u00e9noise.<\/p>\r\n\r\n<h2 data-start=\"1332\" data-end=\"1370\">Origines historiques et toponymie<\/h2>\r\n<p data-start=\"1372\" data-end=\"1903\">L\u2019histoire de <strong data-start=\"1386\" data-end=\"1396\">Bastia<\/strong> est indissociable de la pr\u00e9sence g\u00e9noise en M\u00e9diterran\u00e9e. En 1383, les G\u00e9nois d\u00e9cid\u00e8rent de fortifier un promontoire dominant la mer en \u00e9rigeant une <em data-start=\"1546\" data-end=\"1557\">bastiglia<\/em> \u2013 une tour de garde. De cette construction d\u00e9fensive d\u00e9coule directement le nom de la ville. Le r\u00f4le de cette forteresse \u00e9tait strat\u00e9gique : contr\u00f4ler les routes maritimes et s\u00e9curiser le commerce r\u00e9gional. Tr\u00e8s vite, autour de cette structure, s\u2019est d\u00e9velopp\u00e9e une cit\u00e9 organis\u00e9e entre le port (<em data-start=\"1854\" data-end=\"1869\">Terra Vecchia<\/em>) et la colline (<em data-start=\"1886\" data-end=\"1899\">Terra Nuova<\/em>).<\/p>\r\n<p data-start=\"1905\" data-end=\"2200\">Pendant des si\u00e8cles, <strong data-start=\"1926\" data-end=\"1936\">Bastia<\/strong> fut le c\u0153ur politique et administratif de l\u2019\u00eele. Elle devint capitale de la Corse en 1811, avant de c\u00e9der ce statut \u00e0 Ajaccio quelques d\u00e9cennies plus tard. Cette \u00e9volution illustre le jeu d\u2019\u00e9quilibre entre les diff\u00e9rentes puissances insulaires et continentales.<\/p>\r\n<p data-start=\"2202\" data-end=\"2403\">Aujourd\u2019hui, l\u2019empreinte g\u00e9noise reste omnipr\u00e9sente dans les ruelles \u00e9troites, les fa\u00e7ades color\u00e9es et les \u00e9glises baroques qui t\u00e9moignent de cette fusion entre influence italienne et identit\u00e9 corse.<\/p>\r\n\r\n<h2 data-start=\"90\" data-end=\"142\">Une population et un p\u00f4le \u00e9conomique structur\u00e9s<\/h2>\r\n<p data-start=\"144\" data-end=\"577\">Avec environ <strong data-start=\"157\" data-end=\"177\">45 700 habitants<\/strong> recens\u00e9s en 2017, <strong data-start=\"196\" data-end=\"206\">Bastia<\/strong> est la deuxi\u00e8me ville la plus peupl\u00e9e de Corse apr\u00e8s Ajaccio. Mais son influence d\u00e9passe largement ses fronti\u00e8res communales : l\u2019aire urbaine de Bastia regroupe plus de <strong data-start=\"376\" data-end=\"397\">120 000 habitants<\/strong>, ce qui en fait le bassin de vie le plus dynamique du nord de l\u2019\u00eele. Cette concentration humaine refl\u00e8te le r\u00f4le central de la ville dans l\u2019\u00e9conomie, les services et la culture.<\/p>\r\n\r\n<h3 data-start=\"579\" data-end=\"613\">Un bassin d\u2019emploi dynamique<\/h3>\r\n<p data-start=\"615\" data-end=\"773\">Le bassin d\u2019emploi de <strong data-start=\"637\" data-end=\"647\">Bastia<\/strong> repr\u00e9sente pr\u00e8s de <strong data-start=\"667\" data-end=\"685\">47 600 emplois<\/strong> (chiffres INSEE 2019). L\u2019\u00e9conomie est largement structur\u00e9e autour de trois secteurs :<\/p>\r\n\r\n<ul data-start=\"775\" data-end=\"1201\">\r\n \t<li data-start=\"775\" data-end=\"943\">\r\n<p data-start=\"777\" data-end=\"943\"><strong data-start=\"777\" data-end=\"808\">Le commerce et les services<\/strong> : Bastia concentre une grande partie des commerces de Haute-Corse, allant des march\u00e9s traditionnels aux zones commerciales modernes.<\/p>\r\n<\/li>\r\n \t<li data-start=\"944\" data-end=\"1072\">\r\n<p data-start=\"946\" data-end=\"1072\"><strong data-start=\"946\" data-end=\"979\">Le transport et la logistique<\/strong> : gr\u00e2ce \u00e0 son port, la ville est un hub pour les \u00e9changes de marchandises et de passagers.<\/p>\r\n<\/li>\r\n \t<li data-start=\"1073\" data-end=\"1201\">\r\n<p data-start=\"1075\" data-end=\"1201\"><strong data-start=\"1075\" data-end=\"1090\">Le tourisme<\/strong> : fortement saisonnier, il g\u00e9n\u00e8re une activit\u00e9 importante dans l\u2019h\u00f4tellerie, la restauration et les loisirs.<\/p>\r\n<\/li>\r\n<\/ul>\r\n<p data-start=\"1203\" data-end=\"1300\">Ce tissu \u00e9conomique fait de <strong data-start=\"1231\" data-end=\"1241\">Bastia<\/strong> un moteur incontournable pour le d\u00e9veloppement de l\u2019\u00eele.<\/p>\r\n\r\n<h3 data-start=\"1302\" data-end=\"1345\">Une ville \u00e9tudiante et administrative<\/h3>\r\n<p data-start=\"1347\" data-end=\"1463\">En plus de son r\u00f4le \u00e9conomique, <strong data-start=\"1379\" data-end=\"1389\">Bastia<\/strong> se distingue comme un centre d\u2019\u00e9ducation et de formation. Elle abrite :<\/p>\r\n\r\n<ul data-start=\"1465\" data-end=\"1682\">\r\n \t<li data-start=\"1465\" data-end=\"1500\">\r\n<p data-start=\"1467\" data-end=\"1500\">de nombreux lyc\u00e9es et coll\u00e8ges,<\/p>\r\n<\/li>\r\n \t<li data-start=\"1501\" data-end=\"1547\">\r\n<p data-start=\"1503\" data-end=\"1547\">un <strong data-start=\"1506\" data-end=\"1544\">Institut d\u2019administration publique<\/strong>,<\/p>\r\n<\/li>\r\n \t<li data-start=\"1548\" data-end=\"1636\">\r\n<p data-start=\"1550\" data-end=\"1636\">un site de l\u2019<strong data-start=\"1563\" data-end=\"1592\">Arts et M\u00e9tiers ParisTech<\/strong>, accueillant des \u00e9tudiants en ing\u00e9nierie,<\/p>\r\n<\/li>\r\n \t<li data-start=\"1637\" data-end=\"1682\">\r\n<p data-start=\"1639\" data-end=\"1682\">des antennes universitaires sp\u00e9cialis\u00e9es.<\/p>\r\n<\/li>\r\n<\/ul>\r\n<p data-start=\"1684\" data-end=\"1794\">Cette dimension acad\u00e9mique attire des jeunes venus de toute la Corse, renfor\u00e7ant l\u2019attractivit\u00e9 de la ville.<\/p>\r\n\r\n<h3 data-start=\"1796\" data-end=\"1831\">D\u00e9mographie et qualit\u00e9 de vie<\/h3>\r\n<p data-start=\"1833\" data-end=\"2133\">La population de <strong data-start=\"1850\" data-end=\"1860\">Bastia<\/strong> se caract\u00e9rise par une structure relativement jeune, mais marqu\u00e9e aussi par un vieillissement, reflet de la tendance g\u00e9n\u00e9rale en Corse. La densit\u00e9 urbaine est forte, mais la ville compense par un acc\u00e8s direct \u00e0 la mer et \u00e0 la montagne, offrant un cadre de vie \u00e9quilibr\u00e9.<\/p>\r\n<p data-start=\"2135\" data-end=\"2399\">La vie \u00e9conomique et sociale est ponctu\u00e9e de march\u00e9s, de foires et d\u2019\u00e9v\u00e9nements qui favorisent les \u00e9changes entre habitants et visiteurs. Le march\u00e9 de la place Saint-Nicolas, par exemple, est un lieu embl\u00e9matique o\u00f9 se rencontrent producteurs locaux et citadins.<\/p>\r\n\r\n<h2 data-start=\"110\" data-end=\"155\">M\u00e9t\u00e9o Bastia \u2013 Description et climat<\/h2>\r\n<p data-start=\"157\" data-end=\"434\">Bastia b\u00e9n\u00e9ficie d\u2019un <strong data-start=\"179\" data-end=\"203\">climat m\u00e9diterran\u00e9en<\/strong> typique, reconnu pour ses \u00e9t\u00e9s chauds, secs et ensoleill\u00e9s, et ses hivers doux, plus pluvieux et vent\u00e9s. Sur le plan climatique, la ville \u00e9volue selon ce profil d\u00e8s qu\u2019on d\u00e9passe le XXe si\u00e8cle.<\/p>\r\n\r\n<h3 data-start=\"436\" data-end=\"461\">Temp\u00e9ratures annuelles<\/h3>\r\n<p data-start=\"463\" data-end=\"543\">D\u2019apr\u00e8s les relev\u00e9s de la station m\u00e9t\u00e9o de Bastia-Poretta (moyennes 1981\u20132010) :<\/p>\r\n\r\n<ul data-start=\"545\" data-end=\"740\">\r\n \t<li data-start=\"545\" data-end=\"637\">\r\n<p data-start=\"547\" data-end=\"637\"><strong data-start=\"547\" data-end=\"558\">Janvier<\/strong> \u2014 mois le plus froid \u2014 affiche une temp\u00e9rature moyenne d\u2019environ <strong data-start=\"624\" data-end=\"634\">9,4 \u00b0C<\/strong>.<\/p>\r\n<\/li>\r\n \t<li data-start=\"638\" data-end=\"740\">\r\n<p data-start=\"640\" data-end=\"740\"><strong data-start=\"640\" data-end=\"648\">Ao\u00fbt<\/strong> \u2014 mois le plus chaud \u2014 atteint en moyenne <strong data-start=\"691\" data-end=\"702\">24,4 \u00b0C.<\/strong><\/p>\r\n<\/li>\r\n<\/ul>\r\n<p data-start=\"742\" data-end=\"924\">Les extr\u00eames attest\u00e9s depuis les ann\u00e9es 1940 : un record de <strong data-start=\"802\" data-end=\"813\">38,3 \u00b0C<\/strong> en ao\u00fbt 1999, et une temp\u00e9rature minimale de <strong data-start=\"859\" data-end=\"870\">\u22125,0 \u00b0C<\/strong> en f\u00e9vrier 1956.<\/p>\r\n\r\n<h3 data-start=\"926\" data-end=\"958\">Ensoleillement &amp; pluviom\u00e9trie<\/h3>\r\n<ul data-start=\"960\" data-end=\"1359\">\r\n \t<li data-start=\"960\" data-end=\"1165\">\r\n<p data-start=\"962\" data-end=\"1165\">L\u2019ensoleillement annuel moyen se situe autour de <strong data-start=\"1011\" data-end=\"1032\">7 heures par jour<\/strong>, avec un pic \u00e0 <strong data-start=\"1048\" data-end=\"1056\">11 h<\/strong> quotidiennes en juillet, et un minimum proche de <strong data-start=\"1106\" data-end=\"1113\">4 h<\/strong> en d\u00e9cembre.<\/p>\r\n<\/li>\r\n \t<li data-start=\"1166\" data-end=\"1359\">\r\n<p data-start=\"1168\" data-end=\"1359\">Les pr\u00e9cipitations annuelles avoisinent les <strong data-start=\"1212\" data-end=\"1222\">800 mm<\/strong>, r\u00e9parties sur environ <strong data-start=\"1246\" data-end=\"1267\">66 jours pluvieux<\/strong> par an, avec une saison chaude particuli\u00e8rement s\u00e8che.<\/p>\r\n<\/li>\r\n<\/ul>\r\n<h3 data-start=\"1361\" data-end=\"1385\">Variation saisonni\u00e8re<\/h3>\r\n<ul data-start=\"1387\" data-end=\"1795\">\r\n \t<li data-start=\"1387\" data-end=\"1601\">\r\n<p data-start=\"1389\" data-end=\"1601\"><strong data-start=\"1389\" data-end=\"1415\">\u00c9t\u00e9 (juin \u00e0 septembre)<\/strong> : p\u00e9riode la plus ensoleill\u00e9e, avec des temp\u00e9ratures maximales au-dessus de 26 \u00b0C, ciel clair ou peu nuageux \u2014 juillet est le mois le plus d\u00e9gag\u00e9.<\/p>\r\n<\/li>\r\n \t<li data-start=\"1602\" data-end=\"1795\">\r\n<p data-start=\"1604\" data-end=\"1795\"><strong data-start=\"1604\" data-end=\"1631\">Hiver (novembre \u00e0 mars)<\/strong> : doux c\u00f4t\u00e9 temp\u00e9ratures (autour de 9-10 \u00b0C), mais plus humide \u2014 les pr\u00e9cipitations sont plus fr\u00e9quentes durant cette p\u00e9riode.<\/p>\r\n<\/li>\r\n<\/ul>\r\n<h3 data-start=\"1797\" data-end=\"1829\">Influence des vents et relief<\/h3>\r\n<p data-start=\"1831\" data-end=\"1890\">Les vents sont une composante climatique notable \u00e0 Bastia :<\/p>\r\n\r\n<ul data-start=\"1892\" data-end=\"2140\">\r\n \t<li data-start=\"1892\" data-end=\"1953\">\r\n<p data-start=\"1894\" data-end=\"1953\"><strong data-start=\"1894\" data-end=\"1906\">Libeccio<\/strong> souffle principalement en automne et hiver ;<\/p>\r\n<\/li>\r\n \t<li data-start=\"1954\" data-end=\"2000\">\r\n<p data-start=\"1956\" data-end=\"2000\"><strong data-start=\"1956\" data-end=\"1968\">Scirocco<\/strong> r\u00e8gne au printemps et en \u00e9t\u00e9.<\/p>\r\n<\/li>\r\n \t<li data-start=\"2001\" data-end=\"2140\">\r\n<p data-start=\"2003\" data-end=\"2140\">Le <strong data-start=\"2006\" data-end=\"2017\">Ponente<\/strong>, quant \u00e0 lui, peut devenir tr\u00e8s violent lorsqu\u2019il est canalis\u00e9 par le col de Teghime.<\/p>\r\n<\/li>\r\n<\/ul>\r\n<p data-start=\"2142\" data-end=\"2339\">Par ailleurs, Bastia, situ\u00e9e entre mer et montagne (la Serra di Pigno culminant \u00e0 ~963 m), voit ses paysages et son microclimat influenc\u00e9s par cette g\u00e9ographie.<\/p>\r\n\r\n<h3 data-start=\"2341\" data-end=\"2384\">Conditions actuelles et semaine \u00e0 venir<\/h3>\r\n<p data-start=\"2386\" data-end=\"2675\">Aujourd\u2019hui (10 septembre), des <strong data-start=\"2418\" data-end=\"2437\">averses l\u00e9g\u00e8res<\/strong> sont observ\u00e9es, avec une temp\u00e9rature d\u2019environ <strong data-start=\"2485\" data-end=\"2494\">22 \u00b0C<\/strong>, un peu humide. Un <strong data-start=\"2514\" data-end=\"2537\">avertissement jaune<\/strong> pour orages reste actif jusqu\u2019\u00e0 jeudi minuit dans la Haute-Corse : prudence si vous planifiez des sorties en ext\u00e9rieur ou en bord de mer.<\/p>\r\n<p data-start=\"2677\" data-end=\"2949\">\u00c0 partir de <strong data-start=\"2689\" data-end=\"2698\">jeudi<\/strong>, les conditions s\u2019am\u00e9liorent : <strong data-start=\"2730\" data-end=\"2751\">soleil et chaleur<\/strong> (jusqu\u2019\u00e0 27 \u00b0C), ciel souvent d\u00e9gag\u00e9, temp\u00e9ratures matinales douces (21 \u00b0C). Le week-end s\u2019annonce <strong data-start=\"2851\" data-end=\"2863\">agr\u00e9able<\/strong>, avec des temp\u00e9ratures autour de <strong data-start=\"2897\" data-end=\"2909\">25-26 \u00b0C<\/strong> et un temps majoritairement ensoleill\u00e9.<\/p>\r\n\r\n<h3 data-start=\"2956\" data-end=\"2970\">En r\u00e9sum\u00e9<\/h3>\r\n<p data-start=\"2972\" data-end=\"3024\">Bastia jouit d\u2019un climat m\u00e9diterran\u00e9en s\u00e9duisant :<\/p>\r\n\r\n<ul data-start=\"3025\" data-end=\"3409\">\r\n \t<li data-start=\"3025\" data-end=\"3121\">\r\n<p data-start=\"3027\" data-end=\"3121\"><strong data-start=\"3027\" data-end=\"3034\">\u00c9t\u00e9<\/strong> : chaud, sec, ensoleill\u00e9 \u2014 parfait pour la plage, les balades en mer ou en montagne.<\/p>\r\n<\/li>\r\n \t<li data-start=\"3122\" data-end=\"3192\">\r\n<p data-start=\"3124\" data-end=\"3192\"><strong data-start=\"3124\" data-end=\"3133\">Hiver<\/strong> : doux mais plus humide, avec un ensoleillement moindre.<\/p>\r\n<\/li>\r\n \t<li data-start=\"3193\" data-end=\"3264\">\r\n<p data-start=\"3195\" data-end=\"3264\"><strong data-start=\"3195\" data-end=\"3218\">Automne \/ printemps<\/strong> : transitions agr\u00e9ables, parfois venteuses.<\/p>\r\n<\/li>\r\n \t<li data-start=\"3265\" data-end=\"3409\">\r\n<p data-start=\"3267\" data-end=\"3409\"><strong data-start=\"3267\" data-end=\"3306\">Actuellement (10\u201316 septembre 2025)<\/strong> : p\u00e9riode id\u00e9ale pour visiter la ville \u2014 chaleur douce, ciel clair, faible risque orageux apr\u00e8s jeudi.<\/p>\r\n<\/li>\r\n<\/ul>\r\n<h2 data-start=\"159\" data-end=\"200\">Foire Aux Questions (FAQ) sur Bastia<\/h2>\r\n<h3 data-start=\"202\" data-end=\"244\">Pourquoi la ville s\u2019appelle Bastia ?<\/h3>\r\n<p data-start=\"245\" data-end=\"444\">Le nom <strong data-start=\"252\" data-end=\"262\">Bastia<\/strong> vient du mot g\u00e9nois <em data-start=\"283\" data-end=\"294\">bastiglia<\/em>, qui signifie \u00ab bastion \u00bb ou \u00ab fortification \u00bb. Cette appellation fait r\u00e9f\u00e9rence \u00e0 la tour construite par les G\u00e9nois en 1383 pour d\u00e9fendre la c\u00f4te.<\/p>\r\n\r\n<h3 data-start=\"446\" data-end=\"497\">Bastia a-t-elle \u00e9t\u00e9 la capitale de la Corse ?<\/h3>\r\n<p data-start=\"498\" data-end=\"732\">Oui. <strong data-start=\"503\" data-end=\"513\">Bastia<\/strong> a \u00e9t\u00e9 la capitale de la Corse sous l\u2019administration g\u00e9noise, puis durant une partie de la p\u00e9riode fran\u00e7aise. Elle a perdu ce statut au profit d\u2019Ajaccio en 1791, mais reste aujourd\u2019hui la pr\u00e9fecture de la Haute-Corse.<\/p>\r\n\r\n<h3 data-start=\"734\" data-end=\"783\">Quels sont les principaux ports de Bastia ?<\/h3>\r\n<p data-start=\"784\" data-end=\"955\"><strong data-start=\"784\" data-end=\"794\">Bastia<\/strong> dispose de trois ports : le vieux port pittoresque, le port de commerce (l\u2019un des plus importants de M\u00e9diterran\u00e9e) et la marina de Toga d\u00e9di\u00e9e \u00e0 la plaisance.<\/p>\r\n\r\n<h3 data-start=\"957\" data-end=\"991\">Comment se rendre \u00e0 Bastia ?<\/h3>\r\n<p data-start=\"992\" data-end=\"1028\">On peut acc\u00e9der \u00e0 <strong data-start=\"1010\" data-end=\"1020\">Bastia<\/strong> par :<\/p>\r\n\r\n<ul data-start=\"1029\" data-end=\"1178\">\r\n \t<li data-start=\"1029\" data-end=\"1082\">\r\n<p data-start=\"1031\" data-end=\"1082\">ferry depuis Marseille, Toulon, Nice ou l\u2019Italie,<\/p>\r\n<\/li>\r\n \t<li data-start=\"1083\" data-end=\"1126\">\r\n<p data-start=\"1085\" data-end=\"1126\">avion via l\u2019a\u00e9roport de Bastia-Poretta,<\/p>\r\n<\/li>\r\n \t<li data-start=\"1127\" data-end=\"1178\">\r\n<p data-start=\"1129\" data-end=\"1178\">route et train depuis les autres villes corses.<\/p>\r\n<\/li>\r\n<\/ul>\r\n<h3 data-start=\"1180\" data-end=\"1221\">Combien d\u2019habitants compte Bastia ?<\/h3>\r\n<p data-start=\"1222\" data-end=\"1359\">La commune de <strong data-start=\"1236\" data-end=\"1246\">Bastia<\/strong> regroupe environ 45 700 habitants (recensement 2017), mais son aire urbaine atteint plus de 120 000 habitants.<\/p>\r\n\r\n<h3 data-start=\"1361\" data-end=\"1401\">Quels monuments visiter \u00e0 Bastia ?<\/h3>\r\n<p data-start=\"1402\" data-end=\"1585\">Les incontournables incluent la <strong data-start=\"1434\" data-end=\"1455\">citadelle g\u00e9noise<\/strong>, le <strong data-start=\"1460\" data-end=\"1486\">palais des Gouverneurs<\/strong>, l\u2019\u00e9glise <strong data-start=\"1497\" data-end=\"1520\">Saint-Jean-Baptiste<\/strong>, ainsi que la <strong data-start=\"1535\" data-end=\"1558\">place Saint-Nicolas<\/strong> et le <strong data-start=\"1565\" data-end=\"1582\">jardin Romieu<\/strong>.<\/p>\r\n\r\n<h3 data-start=\"1587\" data-end=\"1637\">Quelle est l\u2019ambiance culturelle de Bastia ?<\/h3>\r\n<p data-start=\"1638\" data-end=\"1810\"><strong data-start=\"1638\" data-end=\"1648\">Bastia<\/strong> se distingue par une ambiance m\u00e9diterran\u00e9enne anim\u00e9e : march\u00e9s color\u00e9s, caf\u00e9s de quartier, festivals de musique et \u00e9v\u00e9nements religieux rythment la vie locale.<\/p>\r\n\r\n<h3 data-start=\"1812\" data-end=\"1866\">Bastia est-elle un centre \u00e9conomique important ?<\/h3>\r\n<p data-start=\"1867\" data-end=\"2037\">Oui. Avec son port de commerce et son r\u00f4le administratif, <strong data-start=\"1925\" data-end=\"1935\">Bastia<\/strong> est le moteur \u00e9conomique du nord de la Corse, concentrant le commerce, les services et le tourisme.<\/p>\r\n\r\n<h3 data-start=\"2039\" data-end=\"2066\">Que manger \u00e0 Bastia ?<\/h3>\r\n<p data-start=\"2067\" data-end=\"2235\">Les sp\u00e9cialit\u00e9s locales incluent la charcuterie corse (coppa, lonzu), les fromages (brocciu), les g\u00e2teaux secs <strong data-start=\"2178\" data-end=\"2193\">canistrelli<\/strong>, et la bi\u00e8re \u00e0 la ch\u00e2taigne <strong data-start=\"2222\" data-end=\"2232\">Pietra<\/strong>.<\/p>\r\n\r\n<h3 data-start=\"2237\" data-end=\"2282\">Bastia est-elle une ville touristique ?<\/h3>\r\n<p data-start=\"2283\" data-end=\"2452\">Oui, <strong data-start=\"2288\" data-end=\"2298\">Bastia<\/strong> attire de nombreux visiteurs chaque ann\u00e9e gr\u00e2ce \u00e0 son patrimoine g\u00e9nois, ses festivals, sa gastronomie et son r\u00f4le de porte d\u2019entr\u00e9e vers le Cap Corse.<\/p>\r\n\r\n<h2 data-start=\"76\" data-end=\"91\">Conclusion<\/h2>\r\n<p data-start=\"93\" data-end=\"450\">Entre h\u00e9ritage g\u00e9nois, vitalit\u00e9 portuaire et dynamisme culturel, <strong data-start=\"158\" data-end=\"168\">Bastia<\/strong> incarne l\u2019\u00e9quilibre unique de la Corse. Ville de contrastes, elle allie le charme pittoresque de ses ruelles anciennes et la modernit\u00e9 de ses infrastructures. Sa position strat\u00e9gique en fait une v\u00e9ritable porte d\u2019entr\u00e9e de l\u2019\u00eele, autant pour les habitants que pour les voyageurs.<\/p>\r\n<p data-start=\"452\" data-end=\"695\">Explorer <strong data-start=\"461\" data-end=\"471\">Bastia<\/strong>, c\u2019est plonger dans une histoire o\u00f9 se m\u00ealent citadelles, \u00e9glises baroques et places m\u00e9diterran\u00e9ennes, tout en d\u00e9couvrant une sc\u00e8ne contemporaine marqu\u00e9e par la gastronomie, les festivals et une identit\u00e9 toujours vivante.<\/p>\r\n<p data-start=\"697\" data-end=\"962\">Pour pr\u00e9parer votre d\u00e9couverte des r\u00e9gions et sites embl\u00e9matiques <strong data-start=\"763\" data-end=\"774\">du pays<\/strong>, n\u2019h\u00e9sitez pas \u00e0 consulter notre guide : <a class=\"decorated-link\" href=\"https:\/\/cparici.com\/fr\/visiter-la-france-guide-des-regions-et-sites-touristiques\" target=\"_new\" rel=\"noopener\" data-start=\"816\" data-end=\"959\">Visiter la France : guide des r\u00e9gions et sites touristiques<\/a>.<\/p>\r\n<p data-start=\"964\" data-end=\"1138\">En somme, <strong data-start=\"974\" data-end=\"984\">Bastia<\/strong> est plus qu\u2019une ville : c\u2019est une exp\u00e9rience, un pont entre tradition et modernit\u00e9, entre M\u00e9diterran\u00e9e et montagne, entre pass\u00e9 g\u00e9nois et avenir corse.<\/p>\r\n<p data-start=\"964\" data-end=\"1138\">Pour en savoir plus sur Bastia, <a href=\"https:\/\/www.bastia-tourisme.com\/\" target=\"_blank\" rel=\"noopener\">c&#8217;est par ici!<\/a><\/p>\t\t\t\t\t\t\t\t<\/div>\n\t\t\t\t\t<\/div>\n\t\t\t\t<\/div>\n\t\t<aside class=\"elementor-element elementor-element-f32bc9b e-flex e-con-boxed e-con e-parent\" data-id=\"f32bc9b\" data-element_type=\"container\" data-e-type=\"container\">\n\t\t\t\t\t<div class=\"e-con-inner\">\n\t\t\t\t<div class=\"elementor-element elementor-element-f2c6552 elementor-widget elementor-widget-listeo-posts-grid\" data-id=\"f2c6552\" data-element_type=\"widget\" data-e-type=\"widget\" data-widget_type=\"listeo-posts-grid.default\">\n\t\t\t\t<div class=\"elementor-widget-container\">\n\t\t\t\t\t\t\t\n\t\t<div class=\"listeo-post-grid-wrapper\">\n\t\t\t<div class=\"row\">\n\n\t\t\t\n\n\t\t\t\t\t\t\t<div class=\"col-md-4\">\n                <a href=\"https:\/\/cparici.com\/fr\/corse-guide-complet\/\" class=\"blog-compact-item-container\">\n                    <div class=\"blog-compact-item\">\n                        <img decoding=\"async\" width=\"577\" height=\"224\" src=\"https:\/\/cparici.com\/wp-content\/uploads\/2024\/06\/corse.jpg\" class=\"attachment-listeo-blog-related-post size-listeo-blog-related-post wp-post-image\" alt=\"corse littoral fran\u00e7ais\" srcset=\"https:\/\/cparici.com\/wp-content\/uploads\/2024\/06\/corse.jpg 1500w, https:\/\/cparici.com\/wp-content\/uploads\/2024\/06\/corse-600x233.jpg 600w, https:\/\/cparici.com\/wp-content\/uploads\/2024\/06\/corse-300x116.jpg 300w, https:\/\/cparici.com\/wp-content\/uploads\/2024\/06\/corse-1024x397.jpg 1024w, https:\/\/cparici.com\/wp-content\/uploads\/2024\/06\/corse-768x298.jpg 768w\" sizes=\"(max-width: 577px) 100vw, 577px\" \/><span class=\"blog-item-tag\">Corse<\/span>                        \n                        <div class=\"blog-compact-item-content\">\n                                                        <h3>Corse &#8211; guide complet des sites et loisirs sur l&#8217;\u00eele<\/h3>\n                                                        <p>Envie de visiter la r\u00e9gion corse ? Ne manquez pas notre guide complet qui vous...                            <\/p>\n                                                    <\/div>\n                    <\/div>\n                <\/a>\n            <\/div>\n\t\t\t<div class=\"col-md-4\">\n                <a href=\"https:\/\/cparici.com\/fr\/corse-du-sud\/\" class=\"blog-compact-item-container\">\n                    <div class=\"blog-compact-item\">\n                        <img decoding=\"async\" width=\"577\" height=\"204\" src=\"https:\/\/cparici.com\/wp-content\/uploads\/2024\/09\/Corse-du-Sud-plage-de-Palombaggia.jpg\" class=\"attachment-listeo-blog-related-post size-listeo-blog-related-post wp-post-image\" alt=\"Corse du Sud - plage de Palombaggia\" srcset=\"https:\/\/cparici.com\/wp-content\/uploads\/2024\/09\/Corse-du-Sud-plage-de-Palombaggia.jpg 1500w, https:\/\/cparici.com\/wp-content\/uploads\/2024\/09\/Corse-du-Sud-plage-de-Palombaggia-600x212.jpg 600w, https:\/\/cparici.com\/wp-content\/uploads\/2024\/09\/Corse-du-Sud-plage-de-Palombaggia-300x106.jpg 300w, https:\/\/cparici.com\/wp-content\/uploads\/2024\/09\/Corse-du-Sud-plage-de-Palombaggia-1024x362.jpg 1024w, https:\/\/cparici.com\/wp-content\/uploads\/2024\/09\/Corse-du-Sud-plage-de-Palombaggia-768x271.jpg 768w\" sizes=\"(max-width: 577px) 100vw, 577px\" \/><span class=\"blog-item-tag\">Corse<\/span>                        \n                        <div class=\"blog-compact-item-content\">\n                                                        <h3>Corse du sud &#8211; guide pour visiter le d\u00e9partement<\/h3>\n                                                        <p>Visitez la Corse du Sud avec notre guide d\u00e9taill\u00e9. D\u00e9couvrez les meilleurs endroits, les activit\u00e9s...                            <\/p>\n                                                    <\/div>\n                    <\/div>\n                <\/a>\n            <\/div>\n\t\t\t<div class=\"col-md-4\">\n                <a href=\"https:\/\/cparici.com\/fr\/air-corsica\/\" class=\"blog-compact-item-container\">\n                    <div class=\"blog-compact-item\">\n                        <img decoding=\"async\" width=\"577\" height=\"204\" src=\"https:\/\/cparici.com\/wp-content\/uploads\/2025\/09\/cparici-2025-09-09T192553.131-577x204.jpg\" class=\"attachment-listeo-blog-related-post size-listeo-blog-related-post wp-post-image\" alt=\"Air Corsica\" srcset=\"https:\/\/cparici.com\/wp-content\/uploads\/2025\/09\/cparici-2025-09-09T192553.131-577x204.jpg 577w, https:\/\/cparici.com\/wp-content\/uploads\/2025\/09\/cparici-2025-09-09T192553.131-300x106.jpg 300w, https:\/\/cparici.com\/wp-content\/uploads\/2025\/09\/cparici-2025-09-09T192553.131-1024x362.jpg 1024w, https:\/\/cparici.com\/wp-content\/uploads\/2025\/09\/cparici-2025-09-09T192553.131-768x271.jpg 768w, https:\/\/cparici.com\/wp-content\/uploads\/2025\/09\/cparici-2025-09-09T192553.131-18x6.jpg 18w, https:\/\/cparici.com\/wp-content\/uploads\/2025\/09\/cparici-2025-09-09T192553.131-590x208.jpg 590w, https:\/\/cparici.com\/wp-content\/uploads\/2025\/09\/cparici-2025-09-09T192553.131-1200x424.jpg 1200w, https:\/\/cparici.com\/wp-content\/uploads\/2025\/09\/cparici-2025-09-09T192553.131-600x212.jpg 600w, https:\/\/cparici.com\/wp-content\/uploads\/2025\/09\/cparici-2025-09-09T192553.131.jpg 1500w\" sizes=\"(max-width: 577px) 100vw, 577px\" \/><span class=\"blog-item-tag\">Compagnie a\u00e9rienne<\/span>                        \n                        <div class=\"blog-compact-item-content\">\n                                                        <h3>Air Corsica, tout savoir sur les vols vers le Corse<\/h3>\n                                                        <p>Recherches populaires Categories Pas de r\u00e9sultats Voir tous les r\u00e9sultats Air Corsica, tout savoir sur...                            <\/p>\n                                                    <\/div>\n                    <\/div>\n                <\/a>\n            <\/div>\n  <\/div>\n        <\/div>\n        \t\t\t\t<\/div>\n\t\t\t\t<\/div>\n\t\t\t\t\t<\/div>\n\t\t\t\t<\/aside>\n\t\t\t\t<\/div>\n\t\t","protected":false},"excerpt":{"rendered":"<p>Recherches populaires Categories Pas de r\u00e9sultats Voir tous les r\u00e9sultats Bastia : cit\u00e9 g\u00e9noise entre patrimoine, mer et montagne Situ\u00e9e entre la mer Tyrrh\u00e9nienne et les reliefs abrupts de la Haute-Corse, Bastia est une ville qui s\u00e9duit par son m\u00e9lange unique d\u2019histoire, de culture et de modernit\u00e9. Ancienne capitale insulaire, elle doit son nom \u00e0 [&hellip;]<\/p>\n","protected":false},"author":97,"featured_media":70312,"comment_status":"closed","ping_status":"closed","sticky":false,"template":"elementor_header_footer","format":"standard","meta":{"ngg_post_thumbnail":0,"footnotes":""},"categories":[2811,996,477,1508],"tags":[],"class_list":["post-70311","post","type-post","status-publish","format-standard","has-post-thumbnail","hentry","category-bastia","category-corse","category-france","category-haute-corse"],"_links":{"self":[{"href":"https:\/\/cparici.com\/fr\/wp-json\/wp\/v2\/posts\/70311","targetHints":{"allow":["GET"]}}],"collection":[{"href":"https:\/\/cparici.com\/fr\/wp-json\/wp\/v2\/posts"}],"about":[{"href":"https:\/\/cparici.com\/fr\/wp-json\/wp\/v2\/types\/post"}],"author":[{"embeddable":true,"href":"https:\/\/cparici.com\/fr\/wp-json\/wp\/v2\/users\/97"}],"replies":[{"embeddable":true,"href":"https:\/\/cparici.com\/fr\/wp-json\/wp\/v2\/comments?post=70311"}],"version-history":[{"count":0,"href":"https:\/\/cparici.com\/fr\/wp-json\/wp\/v2\/posts\/70311\/revisions"}],"wp:featuredmedia":[{"embeddable":true,"href":"https:\/\/cparici.com\/fr\/wp-json\/wp\/v2\/media\/70312"}],"wp:attachment":[{"href":"https:\/\/cparici.com\/fr\/wp-json\/wp\/v2\/media?parent=70311"}],"wp:term":[{"taxonomy":"category","embeddable":true,"href":"https:\/\/cparici.com\/fr\/wp-json\/wp\/v2\/categories?post=70311"},{"taxonomy":"post_tag","embeddable":true,"href":"https:\/\/cparici.com\/fr\/wp-json\/wp\/v2\/tags?post=70311"}],"curies":[{"name":"wp","href":"https:\/\/api.w.org\/{rel}","templated":true}]}}