{"id":87154,"date":"2026-04-08T08:12:39","date_gmt":"2026-04-08T06:12:39","guid":{"rendered":"https:\/\/cparici.com\/?p=87154"},"modified":"2026-04-26T22:24:30","modified_gmt":"2026-04-26T20:24:30","slug":"labels-location-saisonniere","status":"publish","type":"post","link":"https:\/\/cparici.com\/fr\/labels-location-saisonniere\/","title":{"rendered":"Labels location saisonni\u00e8re : lequel choisir pour ma location de vacances"},"content":{"rendered":"\t\t<div data-elementor-type=\"wp-post\" data-elementor-id=\"87154\" class=\"elementor elementor-87154\" data-elementor-post-type=\"post\">\n\t\t\t\t<div class=\"elementor-element elementor-element-35d5bc1 e-con-full e-flex e-con e-parent\" data-id=\"35d5bc1\" data-element_type=\"container\" data-e-type=\"container\">\n\t\t\t\t<div class=\"elementor-element elementor-element-384d292 elementor-widget elementor-widget-image\" data-id=\"384d292\" data-element_type=\"widget\" data-e-type=\"widget\" data-widget_type=\"image.default\">\n\t\t\t\t\t\t\t\t\t\t\t\t\t\t\t<img decoding=\"async\" width=\"1536\" height=\"571\" src=\"https:\/\/cparici.com\/wp-content\/uploads\/2026\/04\/labels-location-saisonniere-et-tourisme-en-France-2.jpg\" class=\"attachment-full size-full wp-image-87196\" alt=\"labels location saisonni\u00e8re et tourisme en France\" srcset=\"https:\/\/cparici.com\/wp-content\/uploads\/2026\/04\/labels-location-saisonniere-et-tourisme-en-France-2.jpg 1536w, https:\/\/cparici.com\/wp-content\/uploads\/2026\/04\/labels-location-saisonniere-et-tourisme-en-France-2-300x112.jpg 300w, https:\/\/cparici.com\/wp-content\/uploads\/2026\/04\/labels-location-saisonniere-et-tourisme-en-France-2-1024x381.jpg 1024w, https:\/\/cparici.com\/wp-content\/uploads\/2026\/04\/labels-location-saisonniere-et-tourisme-en-France-2-768x286.jpg 768w, https:\/\/cparici.com\/wp-content\/uploads\/2026\/04\/labels-location-saisonniere-et-tourisme-en-France-2-18x7.jpg 18w, https:\/\/cparici.com\/wp-content\/uploads\/2026\/04\/labels-location-saisonniere-et-tourisme-en-France-2-590x219.jpg 590w, https:\/\/cparici.com\/wp-content\/uploads\/2026\/04\/labels-location-saisonniere-et-tourisme-en-France-2-1200x446.jpg 1200w, https:\/\/cparici.com\/wp-content\/uploads\/2026\/04\/labels-location-saisonniere-et-tourisme-en-France-2-577x214.jpg 577w, https:\/\/cparici.com\/wp-content\/uploads\/2026\/04\/labels-location-saisonniere-et-tourisme-en-France-2-1320x491.jpg 1320w, https:\/\/cparici.com\/wp-content\/uploads\/2026\/04\/labels-location-saisonniere-et-tourisme-en-France-2-600x223.jpg 600w\" sizes=\"(max-width: 1536px) 100vw, 1536px\" \/>\t\t\t\t\t\t\t\t\t\t\t\t\t\t\t<\/div>\n\t\t\t\t<\/div>\n\t\t<aside class=\"elementor-element elementor-element-9feacb5 e-flex e-con-boxed e-con e-parent\" data-id=\"9feacb5\" data-element_type=\"container\" data-e-type=\"container\">\n\t\t\t\t\t<div class=\"e-con-inner\">\n\t\t\t\t<div class=\"elementor-element elementor-element-ec6dd45 elementor-widget elementor-widget-global elementor-global-62046 elementor-widget-eael-advanced-search\" data-id=\"ec6dd45\" data-element_type=\"widget\" data-e-type=\"widget\" data-widget_type=\"eael-advanced-search.default\">\n\t\t\t\t\t        <div class=\"eael-adv-search-wrapper\">\n            <div id=\"eael-advanced-search-widget-ec6dd45\" class=\"eael-advanced-search-widget\">\n                <form data-settings=\"{&quot;post_per_page&quot;:5,&quot;search_among_taxonomies&quot;:&quot;&quot;,&quot;search_among_sku&quot;:&quot;no&quot;,&quot;show_popular_keyword&quot;:0,&quot;show_category&quot;:0,&quot;show_content_image&quot;:1,&quot;show_search_result_all_results&quot;:0,&quot;result_on_new_tab&quot;:&quot;no&quot;,&quot;show_product_price&quot;:&quot;no&quot;,&quot;include_current_page&quot;:&quot;no&quot;,&quot;current_post_id&quot;:87154,&quot;post_type&quot;:[&quot;post&quot;,&quot;listing&quot;]}\" method=\"POST\" name=\"eael-advanced-search-form-ec6dd45\" class=\"eael-advanced-search-form eael-advanced-search-form-style-2\">\n                    <div class=\"eael-advanced-search-wrap\">\n                        <span class=\"eael-adv-search-loader\"><\/span>\n                        <span class=\"eael-adv-search-close\"><i class=\"fas fa-times\"><\/i><\/span>\n                        <span class=\"icon \"><i class=\"fas fa-search\"><\/i><\/span>\n\n                        <input type=\"text\"\n                               placeholder=\"Votre destination\"\n                               class=\"eael-advanced-search\" autocomplete=\"off\" name=\"eael_advanced_search\">\n                    <\/div>\n\t\t\t\t\t                                    <\/form>\n\n\t\t\t\t\n\t\t\t\t        <div class=\"eael-advanced-search-result\">\n            <div class=\"eael-advanced-search-popular-keyword\">\n\t\t\t\t<h4 class=\"eael-advanced-search-popular-keyword-text\">Recherches populaires<\/h4>                <div class=\"eael-popular-keyword-content\"><\/div>\n            <\/div>\n            <div class=\"eael-advanced-search-category\">\n\t\t\t\t<h4 class=\"eael-advanced-search-category-text\">Categories<\/h4>                <div class=\"eael-popular-category-content\"><\/div>\n            <\/div>\n\t\t\t<div class=\"eael-advanced-search-total-results-section\">\n\t\t\t\t\t\t\t<\/div>\n            <div class=\"eael-advanced-search-content eael-item-style-3\">\n            <\/div>\n            <div class=\"eael-advanced-search-not-found\">\n                <p>Pas de r\u00e9sultats<\/p><\/div>\n            <div class=\"eael-advanced-search-load-more\">\n\t\t\t\t<a \tclass=\"eael-advanced-search-load-more-button\"\n                \thref=\"#\">Voir tous les r\u00e9sultats<\/a>\n            <\/div>\n        <\/div>\n\n\t\t            <\/div>\n        <\/div>\n\n\t\t\t\t\t\t<\/div>\n\t\t\t\t\t<\/div>\n\t\t\t\t<\/aside>\n\t\t<div class=\"elementor-element elementor-element-79ebbb7a e-flex e-con-boxed e-con e-parent\" data-id=\"79ebbb7a\" data-element_type=\"container\" data-e-type=\"container\">\n\t\t\t\t\t<div class=\"e-con-inner\">\n\t\t\t\t<div class=\"elementor-element elementor-element-69109352 elementor-widget elementor-widget-text-editor\" data-id=\"69109352\" data-element_type=\"widget\" data-e-type=\"widget\" data-widget_type=\"text-editor.default\">\n\t\t\t\t\t\t\t\t\t<h1 style=\"text-align: center;\" data-section-id=\"jl1r4n\" data-start=\"3549\" data-end=\"3621\">Labels location saisonni\u00e8re : comprendre leur r\u00f4le et leur importance<\/h1><h2 data-section-id=\"131gun8\" data-start=\"287\" data-end=\"309\">R\u00e9sum\u00e9 <span style=\"color: #ffffff;\">AI Overviews<\/span><\/h2><p data-start=\"311\" data-end=\"876\">Les <strong data-start=\"315\" data-end=\"346\">labels location saisonni\u00e8re<\/strong> sont des dispositifs de <strong data-start=\"371\" data-end=\"400\">certification touristique<\/strong> qui garantissent la qualit\u00e9, le confort et la fiabilit\u00e9 des h\u00e9bergements en France. Ils se divisent en plusieurs cat\u00e9gories : <strong data-start=\"527\" data-end=\"550\">classement officiel<\/strong>, <strong>labels de qualit\u00e9, labels \u00e9cologiques et certifications sp\u00e9cifiques<\/strong>. Leur r\u00f4le est essentiel pour rassurer les voyageurs, am\u00e9liorer la visibilit\u00e9 des biens et optimiser la rentabilit\u00e9 des <a href=\"https:\/\/cparici.com\/fr\/facilitateur-locations-vacances-en-direct\/\">propri\u00e9taires<\/a>. Ce guide d\u00e9taille leur fonctionnement, leurs avantages et les crit\u00e8res pour choisir le bon dispositif selon votre projet.<\/p><hr \/><h3 style=\"text-align: center;\" data-start=\"311\" data-end=\"876\"><span style=\"color: #33cccc;\">Vous avez du mal a vous y retrouver dans <a href=\"https:\/\/cparici.com\/les-acteurs-de-la-location-saisonniere\/\">les acteurs de la location saisonni\u00e8re? C&#8217;est par ici!<\/a><\/span><\/h3><hr \/><h2 data-section-id=\"4xgsqp\" data-start=\"883\" data-end=\"951\">Labels location saisonni\u00e8re : d\u00e9finition simple et fonctionnement<\/h2><h3 data-section-id=\"l599dj\" data-start=\"953\" data-end=\"992\">Qu\u2019est-ce qu\u2019un label touristique ?<\/h3><p data-start=\"994\" data-end=\"1306\">Les <strong data-start=\"998\" data-end=\"1029\">labels de la location saisonni\u00e8re<\/strong> correspondent \u00e0 des syst\u00e8mes de <strong data-start=\"1062\" data-end=\"1079\">normalisation<\/strong> permettant d\u2019\u00e9valuer un <a href=\"https:\/\/cparici.com\/hebergements-de-tourisme-en-france\/\">h\u00e9bergement<\/a> selon des crit\u00e8res pr\u00e9cis comme le confort, les \u00e9quipements ou les services propos\u00e9s. Leur objectif principal est de fournir un rep\u00e8re fiable aux voyageurs dans un march\u00e9 tr\u00e8s concurrentiel.<\/p>\t\t\t\t\t\t\t\t<\/div>\n\t\t\t\t\t<\/div>\n\t\t\t\t<\/div>\n\t\t<div class=\"elementor-element elementor-element-3534946c e-flex e-con-boxed e-con e-parent\" data-id=\"3534946c\" data-element_type=\"container\" data-e-type=\"container\">\n\t\t\t\t\t<div class=\"e-con-inner\">\n\t\t\t\t<div class=\"elementor-element elementor-element-791c4158 elementor-align-center elementor-widget elementor-widget-button\" data-id=\"791c4158\" data-element_type=\"widget\" data-e-type=\"widget\" data-widget_type=\"button.default\">\n\t\t\t\t\t\t\t\t\t\t<a class=\"elementor-button elementor-button-link elementor-size-sm\" href=\"https:\/\/cparici.com\/fr\/inscription\/\">\n\t\t\t\t\t\t<span class=\"elementor-button-content-wrapper\">\n\t\t\t\t\t\t\t\t\t<span class=\"elementor-button-text\">Obtenir plus de r\u00e9servations en direct  sur cparici.com<\/span>\n\t\t\t\t\t<\/span>\n\t\t\t\t\t<\/a>\n\t\t\t\t\t\t\t\t<\/div>\n\t\t\t\t\t<\/div>\n\t\t\t\t<\/div>\n\t\t<div class=\"elementor-element elementor-element-3e5c44d e-flex e-con-boxed e-con e-parent\" data-id=\"3e5c44d\" data-element_type=\"container\" data-e-type=\"container\">\n\t\t\t\t\t<div class=\"e-con-inner\">\n\t\t\t\t<div class=\"elementor-element elementor-element-80e467e elementor-widget elementor-widget-text-editor\" data-id=\"80e467e\" data-element_type=\"widget\" data-e-type=\"widget\" data-widget_type=\"text-editor.default\">\n\t\t\t\t\t\t\t\t\t<p data-start=\"1308\" data-end=\"1569\">Contrairement \u00e0 une simple annonce en ligne, un label repose sur un <strong data-start=\"1376\" data-end=\"1401\">r\u00e9f\u00e9rentiel structur\u00e9<\/strong> et un contr\u00f4le externe. Il peut \u00eatre d\u00e9livr\u00e9 par des organismes publics ou priv\u00e9s, ce qui distingue les <strong data-start=\"1506\" data-end=\"1537\">labels de la location saisonni\u00e8re<\/strong> d\u2019un simple argument marketing.<\/p><hr \/><h3 style=\"text-align: center;\" data-start=\"311\" data-end=\"876\"><span style=\"color: #33cccc;\">Pour en savoir plus sur les<\/span> <a href=\"https:\/\/cparici.com\/labels-touristiques-en-france\/\">labels touristiques de fa\u00e7on g\u00e9n\u00e9rale, c&#8217;est par ici!<\/a><\/h3><hr \/><h3 data-section-id=\"1jkznyn\" data-start=\"1576\" data-end=\"1631\">Diff\u00e9rence entre classement, label et certification<\/h3><p data-start=\"1633\" data-end=\"1731\">Dans l\u2019univers des <strong data-start=\"1652\" data-end=\"1683\">labels location saisonni\u00e8re<\/strong>, il est essentiel de distinguer trois notions :<\/p><ul data-start=\"1733\" data-end=\"1905\"><li data-section-id=\"tz193d\" data-start=\"1733\" data-end=\"1793\">Le <strong data-start=\"1738\" data-end=\"1761\">classement officiel<\/strong> (comme le meubl\u00e9 de tourisme)<\/li><li data-section-id=\"1wnp1k8\" data-start=\"1794\" data-end=\"1842\">Le <strong data-start=\"1799\" data-end=\"1814\">label priv\u00e9<\/strong> (ex : r\u00e9seaux de qualit\u00e9)<\/li><li data-section-id=\"1b9rjuo\" data-start=\"1843\" data-end=\"1905\">La <strong data-start=\"1848\" data-end=\"1876\">certification th\u00e9matique<\/strong> (\u00e9cologie, accessibilit\u00e9\u2026)<\/li><\/ul><p data-start=\"1907\" data-end=\"2051\">Cette distinction permet de mieux comprendre le r\u00f4le des <strong data-start=\"1964\" data-end=\"1995\">labels location saisonni\u00e8re<\/strong> dans la structuration de l\u2019offre touristique fran\u00e7aise.<\/p><p data-start=\"1907\" data-end=\"2051\"><a href=\"https:\/\/cparici.com\/wp-content\/uploads\/2026\/04\/infographie-les-labels-de-location-saisonniere.jpg\"><img decoding=\"async\" class=\"aligncenter wp-image-87220 size-large\" src=\"https:\/\/cparici.com\/wp-content\/uploads\/2026\/04\/infographie-les-labels-de-location-saisonniere-683x1024.jpg\" alt=\"infographie les labels de location saisonni\u00e8re\" width=\"683\" height=\"1024\" srcset=\"https:\/\/cparici.com\/wp-content\/uploads\/2026\/04\/infographie-les-labels-de-location-saisonniere-683x1024.jpg 683w, https:\/\/cparici.com\/wp-content\/uploads\/2026\/04\/infographie-les-labels-de-location-saisonniere-200x300.jpg 200w, https:\/\/cparici.com\/wp-content\/uploads\/2026\/04\/infographie-les-labels-de-location-saisonniere-768x1152.jpg 768w, https:\/\/cparici.com\/wp-content\/uploads\/2026\/04\/infographie-les-labels-de-location-saisonniere-8x12.jpg 8w, https:\/\/cparici.com\/wp-content\/uploads\/2026\/04\/infographie-les-labels-de-location-saisonniere-393x590.jpg 393w, https:\/\/cparici.com\/wp-content\/uploads\/2026\/04\/infographie-les-labels-de-location-saisonniere-447x670.jpg 447w, https:\/\/cparici.com\/wp-content\/uploads\/2026\/04\/infographie-les-labels-de-location-saisonniere-577x866.jpg 577w, https:\/\/cparici.com\/wp-content\/uploads\/2026\/04\/infographie-les-labels-de-location-saisonniere-600x900.jpg 600w, https:\/\/cparici.com\/wp-content\/uploads\/2026\/04\/infographie-les-labels-de-location-saisonniere.jpg 1024w\" sizes=\"(max-width: 683px) 100vw, 683px\" \/><\/a><\/p><h2 data-section-id=\"1no9b1x\" data-start=\"3889\" data-end=\"3964\">Labels location saisonni\u00e8re officiels : le classement Meubl\u00e9 de tourisme<\/h2><h3 data-section-id=\"1ogfcmm\" data-start=\"3971\" data-end=\"4027\">Le classement Meubl\u00e9 de tourisme : d\u00e9finition simple<\/h3><p data-start=\"4029\" data-end=\"4320\">Le classement en <strong data-start=\"4046\" data-end=\"4068\">meubl\u00e9 de tourisme<\/strong> est le principal dispositif officiel parmi les <strong data-start=\"4116\" data-end=\"4147\">labels location saisonni\u00e8re<\/strong> en France. Il s\u2019agit <a href=\"https:\/\/certification.afnor.org\/divers\/evaluation-des-organismes-pour-l-inspection-des-meubles-de-tourisme\" target=\"_blank\" rel=\"noopener\">d\u2019une <strong data-start=\"4175\" data-end=\"4207\">classification r\u00e9glementaire<\/strong> attribu\u00e9e par des organismes accr\u00e9dit\u00e9s<\/a>, permettant d\u2019\u00e9valuer un logement destin\u00e9 \u00e0 la location de courte dur\u00e9e.<\/p><blockquote><p data-start=\"4029\" data-end=\"4320\"><em>Parmi les \u00e9tablissements accr\u00e9dit\u00e9s, figurent certains offices de tourisme, mais aussi <a href=\"https:\/\/cparici.com\/fr\/gites-de-france\/\">G\u00eetes de France<\/a>, Cl\u00e9vacances, qui proposent par ailleurs leur propre label &#8220;Qualit\u00e9&#8221;. <strong>Il ne faut pas confondre le classement en meubl\u00e9 de tourisme et les labels qualit\u00e9 propos\u00e9s par ces \u00e9tablissement accr\u00e9dit\u00e9s.<\/strong><\/em><\/p><\/blockquote><p data-start=\"4322\" data-end=\"4563\">Ce classement repose sur un syst\u00e8me d\u2019\u00e9toiles allant de <strong data-start=\"4378\" data-end=\"4395\">1 \u00e0 5 \u00e9toiles<\/strong>, comparable \u00e0 celui de l\u2019h\u00f4tellerie. Il constitue une r\u00e9f\u00e9rence centrale dans l\u2019univers de la location touristique, car il est reconnu par l\u2019\u00c9tat et largement utilis\u00e9.<\/p><p data-start=\"4565\" data-end=\"4750\">Selon <span class=\"hover:entity-accent entity-underline inline cursor-pointer align-baseline\"><span class=\"whitespace-normal\">Atout France<\/span><\/span>, ce dispositif s\u2019appuie sur plus de <strong data-start=\"4645\" data-end=\"4674\">130 crit\u00e8res d\u2019\u00e9valuation<\/strong>, couvrant le confort, les \u00e9quipements ou encore la performance \u00e9nerg\u00e9tique.<\/p><h3 data-section-id=\"1jmyhjn\" data-start=\"4757\" data-end=\"4800\">Les crit\u00e8res d\u2019\u00e9valuation du classement<\/h3><p data-start=\"4802\" data-end=\"4948\">Dans le cadre des <strong data-start=\"4820\" data-end=\"4851\">labels location saisonni\u00e8re<\/strong>, ce classement se distingue par sa rigueur. Les crit\u00e8res sont r\u00e9partis en plusieurs cat\u00e9gories :<\/p><ul data-start=\"4950\" data-end=\"5084\"><li data-section-id=\"ki73bu\" data-start=\"4950\" data-end=\"4981\"><strong data-start=\"4952\" data-end=\"4979\">\u00c9quipements du logement<\/strong><\/li><li data-section-id=\"169ixi9\" data-start=\"4982\" data-end=\"5008\"><strong data-start=\"4984\" data-end=\"5006\">Surface et confort<\/strong><\/li><li data-section-id=\"112ty8w\" data-start=\"5009\" data-end=\"5037\"><strong data-start=\"5011\" data-end=\"5035\">Services aux clients<\/strong><\/li><li data-section-id=\"axbl6s\" data-start=\"5038\" data-end=\"5084\"><strong data-start=\"5040\" data-end=\"5082\">Accessibilit\u00e9 et d\u00e9veloppement durable<\/strong><\/li><\/ul><p data-start=\"5086\" data-end=\"5187\">Chaque \u00e9l\u00e9ment est \u00e9valu\u00e9 selon un syst\u00e8me de points, garantissant une analyse objective et homog\u00e8ne.<\/p><h3 data-section-id=\"5ynaz\" data-start=\"5194\" data-end=\"5233\">Les avantages fiscaux du classement<\/h3><p data-start=\"5235\" data-end=\"5352\">Parmi les <strong data-start=\"5245\" data-end=\"5276\">labels location saisonni\u00e8re<\/strong>, ce dispositif est particuli\u00e8rement int\u00e9ressant pour ses b\u00e9n\u00e9fices fiscaux.<\/p><p data-start=\"5354\" data-end=\"5444\">Selon le site officiel :<br data-start=\"5378\" data-end=\"5381\" \/>\ud83d\udc49 <a class=\"decorated-link\" href=\"https:\/\/www.service-public.fr\/particuliers\/vosdroits\/F2045\" target=\"_new\" rel=\"noopener\" data-start=\"5384\" data-end=\"5442\">https:\/\/www.service-public.fr\/particuliers\/vosdroits\/F2045<\/a><\/p><p data-start=\"5446\" data-end=\"5575\">Les <a href=\"https:\/\/cparici.com\/fr\/facilitateur-locations-vacances-en-direct\/\">propri\u00e9taires<\/a> peuvent b\u00e9n\u00e9ficier d\u2019un <strong data-start=\"5488\" data-end=\"5524\">abattement fiscal de 50 % \u00e0 71 %<\/strong>, ce qui am\u00e9liore significativement la rentabilit\u00e9.<\/p><h3 data-section-id=\"1defvdq\" data-start=\"5582\" data-end=\"5634\">Pour quels profils ce classement est-il adapt\u00e9 ?<\/h3><p data-start=\"5636\" data-end=\"5682\">Ce dispositif s\u2019adresse \u00e0 diff\u00e9rents profils :<\/p><ul data-start=\"5684\" data-end=\"5770\"><li data-section-id=\"ep5lri\" data-start=\"5684\" data-end=\"5708\">Loueurs occasionnels<\/li><li data-section-id=\"6cy9oj\" data-start=\"5709\" data-end=\"5726\">Investisseurs<\/li><li data-section-id=\"4re3i1\" data-start=\"5727\" data-end=\"5770\">Propri\u00e9taires de r\u00e9sidences secondaires<\/li><\/ul><p data-start=\"5772\" data-end=\"5927\">Dans l\u2019\u00e9cosyst\u00e8me des <strong data-start=\"5794\" data-end=\"5825\">labels location saisonni\u00e8re<\/strong>, il constitue une solution simple pour obtenir une reconnaissance officielle sans int\u00e9grer un r\u00e9seau.<\/p><h3 data-section-id=\"be5pfa\" data-start=\"5934\" data-end=\"5983\">\u00c9tude de cas : am\u00e9lioration de la rentabilit\u00e9<\/h3><p data-start=\"5985\" data-end=\"6234\">Un propri\u00e9taire d\u2019un appartement en zone touristique a vu son taux d\u2019occupation passer de 55 % \u00e0 70 % apr\u00e8s un classement 3 \u00e9toiles, avec une augmentation tarifaire de 15 %. Ce type de r\u00e9sultat illustre l\u2019int\u00e9r\u00eat des <strong data-start=\"6202\" data-end=\"6233\">labels location saisonni\u00e8re<\/strong>.<\/p><h3 data-section-id=\"18xojx8\" data-start=\"6241\" data-end=\"6280\">Dur\u00e9e de validit\u00e9 et renouvellement<\/h3><p data-start=\"6282\" data-end=\"6443\">Le classement est valable <strong data-start=\"6308\" data-end=\"6317\">5 ans<\/strong>, avec un renouvellement n\u00e9cessaire \u00e0 l\u2019issue. Cette dur\u00e9e en fait un dispositif stable pour structurer son activit\u00e9 locative.<\/p><h2 data-section-id=\"1dted98\" data-start=\"3614\" data-end=\"3692\">Labels qualit\u00e9 de la location saisonni\u00e8re : r\u00e9seaux et certifications reconnus<\/h2><h3 data-section-id=\"1jcntwy\" data-start=\"3699\" data-end=\"3741\">Les grands r\u00e9seaux de labels en France<\/h3><p data-start=\"3743\" data-end=\"4044\">Les <strong data-start=\"3747\" data-end=\"3778\">labels location saisonni\u00e8re<\/strong> de qualit\u00e9 regroupent des r\u00e9seaux priv\u00e9s qui accompagnent les propri\u00e9taires dans la gestion et la promotion de leur <a href=\"https:\/\/cparici.com\/fr\/hebergements-de-tourisme-en-france\/\">h\u00e9bergement<\/a>. Contrairement au classement officiel, ces structures offrent un <strong data-start=\"3972\" data-end=\"3997\">accompagnement global<\/strong>, incluant marketing, distribution et conseils.<\/p><p data-start=\"4046\" data-end=\"4206\">Parmi les plus connus, on retrouve <strong><span class=\"hover:entity-accent entity-underline inline cursor-pointer align-baseline\"><span class=\"whitespace-normal\">G\u00eetes de France<\/span><\/span>, <span class=\"hover:entity-accent entity-underline inline cursor-pointer align-baseline\"><span class=\"whitespace-normal\">Cl\u00e9vacances<\/span><\/span> ou encore <span class=\"hover:entity-accent entity-underline inline cursor-pointer align-baseline\"><span class=\"whitespace-normal\">Logis H\u00f4tels<\/span><\/span>.<\/strong><\/p><p data-start=\"4208\" data-end=\"4379\">Selon les donn\u00e9es publi\u00e9es par <span class=\"hover:entity-accent entity-underline inline cursor-pointer align-baseline\"><span class=\"whitespace-normal\">G\u00eetes de France<\/span><\/span>, ce r\u00e9seau regroupe plus de <strong data-start=\"4307\" data-end=\"4330\">55 000 h\u00e9bergements<\/strong>, illustrant son poids dans le tourisme fran\u00e7ais.<\/p><h3 data-section-id=\"o1jg11\" data-start=\"4386\" data-end=\"4427\">G\u00eetes de France : un label historique<\/h3><p data-start=\"4429\" data-end=\"4580\">Le r\u00e9seau <a href=\"https:\/\/cparici.com\/gites-de-france\/\"><span class=\"hover:entity-accent entity-underline inline cursor-pointer align-baseline\"><span class=\"whitespace-normal\">G\u00eetes de France<\/span><\/span><\/a> repose sur une classification en \u201c\u00e9pis\u201d (1 \u00e0 5), qui \u00e9value le confort et la qualit\u00e9 des prestations.<\/p><p data-start=\"4582\" data-end=\"4603\">Il se distingue par :<\/p><ul data-start=\"4605\" data-end=\"4711\"><li data-section-id=\"h66x8y\" data-start=\"4605\" data-end=\"4644\">Une forte implantation territoriale<\/li><li data-section-id=\"1m8qpwm\" data-start=\"4645\" data-end=\"4676\">Une image de tourisme rural<\/li><li data-section-id=\"fk926y\" data-start=\"4677\" data-end=\"4711\">Un accompagnement personnalis\u00e9<\/li><\/ul><p data-start=\"4713\" data-end=\"4824\"><a href=\"https:\/\/cparici.com\/wp-content\/uploads\/2026\/04\/Label-qualite-Gites-de-France.jpg\"><img decoding=\"async\" class=\"aligncenter wp-image-87168 size-large\" src=\"https:\/\/cparici.com\/wp-content\/uploads\/2026\/04\/Label-qualite-Gites-de-France-1024x625.jpg\" alt=\"Label qualit\u00e9 G\u00eetes de France\" width=\"1024\" height=\"625\" srcset=\"https:\/\/cparici.com\/wp-content\/uploads\/2026\/04\/Label-qualite-Gites-de-France-1024x625.jpg 1024w, https:\/\/cparici.com\/wp-content\/uploads\/2026\/04\/Label-qualite-Gites-de-France-300x183.jpg 300w, https:\/\/cparici.com\/wp-content\/uploads\/2026\/04\/Label-qualite-Gites-de-France-768x469.jpg 768w, https:\/\/cparici.com\/wp-content\/uploads\/2026\/04\/Label-qualite-Gites-de-France-18x12.jpg 18w, https:\/\/cparici.com\/wp-content\/uploads\/2026\/04\/Label-qualite-Gites-de-France-590x360.jpg 590w, https:\/\/cparici.com\/wp-content\/uploads\/2026\/04\/Label-qualite-Gites-de-France-1097x670.jpg 1097w, https:\/\/cparici.com\/wp-content\/uploads\/2026\/04\/Label-qualite-Gites-de-France-577x352.jpg 577w, https:\/\/cparici.com\/wp-content\/uploads\/2026\/04\/Label-qualite-Gites-de-France-1200x733.jpg 1200w, https:\/\/cparici.com\/wp-content\/uploads\/2026\/04\/Label-qualite-Gites-de-France-1320x806.jpg 1320w, https:\/\/cparici.com\/wp-content\/uploads\/2026\/04\/Label-qualite-Gites-de-France-600x366.jpg 600w, https:\/\/cparici.com\/wp-content\/uploads\/2026\/04\/Label-qualite-Gites-de-France.jpg 1395w\" sizes=\"(max-width: 1024px) 100vw, 1024px\" \/><\/a><\/p><p data-start=\"4713\" data-end=\"4824\">Dans l\u2019univers des <strong data-start=\"4732\" data-end=\"4763\">labels location saisonni\u00e8re<\/strong>, il reste une r\u00e9f\u00e9rence pour les h\u00e9bergements \u00e0 la campagne.<\/p><h3 data-section-id=\"5apurn\" data-start=\"4831\" data-end=\"4873\">Cl\u00e9vacances : flexibilit\u00e9 et diversit\u00e9<\/h3><p data-start=\"4875\" data-end=\"5010\">Le label <a href=\"https:\/\/cparici.com\/clevacances-guide-complet-du-label\/\"><span class=\"hover:entity-accent entity-underline inline cursor-pointer align-baseline\"><span class=\"whitespace-normal\">Cl\u00e9vacances<\/span><\/span><\/a> propose une classification en \u201ccl\u00e9s\u201d (1 \u00e0 5) et couvre de nombreux types de logements.<\/p><p data-start=\"5012\" data-end=\"5035\">Il se caract\u00e9rise par :<\/p><ul data-start=\"5037\" data-end=\"5122\"><li data-section-id=\"gwjwqg\" data-start=\"5037\" data-end=\"5061\">Une grande souplesse<\/li><li data-section-id=\"71ut4b\" data-start=\"5062\" data-end=\"5088\">Une diversit\u00e9 d\u2019offres<\/li><li data-section-id=\"15zk2p6\" data-start=\"5089\" data-end=\"5122\">Une bonne visibilit\u00e9 en ligne<\/li><\/ul><p data-start=\"5124\" data-end=\"5247\"><a href=\"https:\/\/cparici.com\/wp-content\/uploads\/2026\/04\/label-qualite-Clevacances.jpg\"><img decoding=\"async\" class=\"aligncenter wp-image-87167 size-large\" src=\"https:\/\/cparici.com\/wp-content\/uploads\/2026\/04\/label-qualite-Clevacances-1024x515.jpg\" alt=\"label qualit\u00e9 Cl\u00e9vacances\" width=\"1024\" height=\"515\" srcset=\"https:\/\/cparici.com\/wp-content\/uploads\/2026\/04\/label-qualite-Clevacances-1024x515.jpg 1024w, https:\/\/cparici.com\/wp-content\/uploads\/2026\/04\/label-qualite-Clevacances-300x151.jpg 300w, https:\/\/cparici.com\/wp-content\/uploads\/2026\/04\/label-qualite-Clevacances-768x386.jpg 768w, https:\/\/cparici.com\/wp-content\/uploads\/2026\/04\/label-qualite-Clevacances-18x9.jpg 18w, https:\/\/cparici.com\/wp-content\/uploads\/2026\/04\/label-qualite-Clevacances-590x297.jpg 590w, https:\/\/cparici.com\/wp-content\/uploads\/2026\/04\/label-qualite-Clevacances-1200x603.jpg 1200w, https:\/\/cparici.com\/wp-content\/uploads\/2026\/04\/label-qualite-Clevacances-577x290.jpg 577w, https:\/\/cparici.com\/wp-content\/uploads\/2026\/04\/label-qualite-Clevacances-1320x664.jpg 1320w, https:\/\/cparici.com\/wp-content\/uploads\/2026\/04\/label-qualite-Clevacances-600x302.jpg 600w, https:\/\/cparici.com\/wp-content\/uploads\/2026\/04\/label-qualite-Clevacances.jpg 1470w\" sizes=\"(max-width: 1024px) 100vw, 1024px\" \/><\/a><\/p><p data-start=\"5124\" data-end=\"5247\">Les <strong data-start=\"5128\" data-end=\"5159\">labels location saisonni\u00e8re<\/strong> comme celui-ci sont adapt\u00e9s aux propri\u00e9taires recherchant flexibilit\u00e9 et accessibilit\u00e9.<\/p><h2 data-section-id=\"jmqxqc\" data-start=\"104\" data-end=\"183\">Labels haut de gamme : luxe et h\u00e9bergements d\u2019exception<\/h2><h3 data-section-id=\"tgflxc\" data-start=\"190\" data-end=\"241\">Les labels premium dans la location touristique<\/h3><p data-start=\"243\" data-end=\"528\">Les <strong data-start=\"247\" data-end=\"278\">labels location saisonni\u00e8re<\/strong> haut de gamme regroupent des r\u00e9seaux sp\u00e9cialis\u00e9s dans les h\u00e9bergements d\u2019exception. Contrairement aux labels g\u00e9n\u00e9ralistes, ils ciblent une client\u00e8le exigeante \u00e0 la recherche de <strong data-start=\"456\" data-end=\"479\">prestations premium<\/strong>, d\u2019un service personnalis\u00e9 et d\u2019un cadre unique.<\/p><p data-start=\"530\" data-end=\"783\">Dans ce segment, des acteurs comme <span class=\"hover:entity-accent entity-underline inline cursor-pointer align-baseline\"><span class=\"whitespace-normal\">Relais &amp; Ch\u00e2teaux<\/span><\/span> ou <strong data-start=\"606\" data-end=\"630\">Bienvenue au Ch\u00e2teau<\/strong> incarnent l\u2019excellence du tourisme fran\u00e7ais. Ces <strong data-start=\"680\" data-end=\"711\">labels location saisonni\u00e8re<\/strong> permettent de positionner un bien sur un march\u00e9 \u00e0 forte valeur ajout\u00e9e.<\/p><p data-start=\"785\" data-end=\"944\">Selon <span class=\"hover:entity-accent entity-underline inline cursor-pointer align-baseline\"><span class=\"whitespace-normal\">Relais &amp; Ch\u00e2teaux<\/span><\/span>, le r\u00e9seau regroupe plus de <strong data-start=\"857\" data-end=\"893\">580 \u00e9tablissements dans le monde<\/strong>, ce qui t\u00e9moigne de son rayonnement international.<\/p><h3 data-section-id=\"y3zsia\" data-start=\"951\" data-end=\"1002\">Relais &amp; Ch\u00e2teaux : l\u2019excellence internationale<\/h3><p data-start=\"1004\" data-end=\"1237\">Le r\u00e9seau <span class=\"hover:entity-accent entity-underline inline cursor-pointer align-baseline\"><span class=\"whitespace-normal\">Relais &amp; Ch\u00e2teaux<\/span><\/span> est une r\u00e9f\u00e9rence mondiale dans le domaine du tourisme de luxe. Bien qu\u2019il soit historiquement li\u00e9 \u00e0 l\u2019h\u00f4tellerie, il inclut \u00e9galement des propri\u00e9t\u00e9s de prestige adapt\u00e9es \u00e0 la location.<\/p><p data-start=\"1239\" data-end=\"1266\">Ce label se distingue par :<\/p><ul data-start=\"1268\" data-end=\"1395\"><li data-section-id=\"v8s6f8\" data-start=\"1268\" data-end=\"1317\">Une s\u00e9lection tr\u00e8s stricte des \u00e9tablissements<\/li><li data-section-id=\"14x87of\" data-start=\"1318\" data-end=\"1355\">Un niveau de service exceptionnel<\/li><li data-section-id=\"19cs81j\" data-start=\"1356\" data-end=\"1395\">Une exp\u00e9rience client haut de gamme<\/li><\/ul><p><a href=\"https:\/\/cparici.com\/wp-content\/uploads\/2026\/04\/Label-Relais-et-Chateaux.jpg\"><img decoding=\"async\" class=\"aligncenter wp-image-87169 size-large\" src=\"https:\/\/cparici.com\/wp-content\/uploads\/2026\/04\/Label-Relais-et-Chateaux-1024x594.jpg\" alt=\"Label Relais et Ch\u00e2teaux\" width=\"1024\" height=\"594\" srcset=\"https:\/\/cparici.com\/wp-content\/uploads\/2026\/04\/Label-Relais-et-Chateaux-1024x594.jpg 1024w, https:\/\/cparici.com\/wp-content\/uploads\/2026\/04\/Label-Relais-et-Chateaux-300x174.jpg 300w, https:\/\/cparici.com\/wp-content\/uploads\/2026\/04\/Label-Relais-et-Chateaux-768x445.jpg 768w, https:\/\/cparici.com\/wp-content\/uploads\/2026\/04\/Label-Relais-et-Chateaux-18x10.jpg 18w, https:\/\/cparici.com\/wp-content\/uploads\/2026\/04\/Label-Relais-et-Chateaux-590x342.jpg 590w, https:\/\/cparici.com\/wp-content\/uploads\/2026\/04\/Label-Relais-et-Chateaux-1156x670.jpg 1156w, https:\/\/cparici.com\/wp-content\/uploads\/2026\/04\/Label-Relais-et-Chateaux-577x334.jpg 577w, https:\/\/cparici.com\/wp-content\/uploads\/2026\/04\/Label-Relais-et-Chateaux-1200x696.jpg 1200w, https:\/\/cparici.com\/wp-content\/uploads\/2026\/04\/Label-Relais-et-Chateaux-1320x765.jpg 1320w, https:\/\/cparici.com\/wp-content\/uploads\/2026\/04\/Label-Relais-et-Chateaux-600x348.jpg 600w, https:\/\/cparici.com\/wp-content\/uploads\/2026\/04\/Label-Relais-et-Chateaux.jpg 1475w\" sizes=\"(max-width: 1024px) 100vw, 1024px\" \/><\/a><\/p><p data-start=\"1397\" data-end=\"1499\">Dans l\u2019univers des <strong data-start=\"1416\" data-end=\"1447\">labels location saisonni\u00e8re<\/strong>, il repr\u00e9sente le sommet du positionnement premium.<\/p><h3 data-section-id=\"1h7r5l9\" data-start=\"1506\" data-end=\"1555\">Bienvenue au Ch\u00e2teau : <a href=\"https:\/\/cparici.com\/fr\/patrimoine-de-france\/\">patrimoine<\/a> et prestige<\/h3><p data-start=\"1557\" data-end=\"1761\">Le label <strong data-start=\"1566\" data-end=\"1590\">Bienvenue au Ch\u00e2teau<\/strong> met en avant des demeures historiques transform\u00e9es en h\u00e9bergements touristiques. Il s\u2019adresse aux propri\u00e9taires de biens d\u2019exception souhaitant valoriser leur patrimoine.<\/p><p data-start=\"1763\" data-end=\"1827\">Parmi les <strong data-start=\"1773\" data-end=\"1804\">labels location saisonni\u00e8re<\/strong>, il se distingue par :<\/p><ul data-start=\"1829\" data-end=\"1936\"><li data-section-id=\"5h7n5x\" data-start=\"1829\" data-end=\"1863\">Une forte dimension culturelle<\/li><li data-section-id=\"7ttznj\" data-start=\"1864\" data-end=\"1907\">Une valorisation du patrimoine fran\u00e7ais<\/li><li data-section-id=\"1pu1oz\" data-start=\"1908\" data-end=\"1936\">Une exp\u00e9rience immersive<\/li><\/ul><p data-start=\"1938\" data-end=\"2035\"><a href=\"https:\/\/cparici.com\/wp-content\/uploads\/2026\/04\/label-Bienvenue-au-Chateau.jpg\"><img decoding=\"async\" class=\"aligncenter wp-image-87170 size-large\" src=\"https:\/\/cparici.com\/wp-content\/uploads\/2026\/04\/label-Bienvenue-au-Chateau-1024x574.jpg\" alt=\"label Bienvenue au Ch\u00e2teau\" width=\"1024\" height=\"574\" srcset=\"https:\/\/cparici.com\/wp-content\/uploads\/2026\/04\/label-Bienvenue-au-Chateau-1024x574.jpg 1024w, https:\/\/cparici.com\/wp-content\/uploads\/2026\/04\/label-Bienvenue-au-Chateau-300x168.jpg 300w, https:\/\/cparici.com\/wp-content\/uploads\/2026\/04\/label-Bienvenue-au-Chateau-768x431.jpg 768w, https:\/\/cparici.com\/wp-content\/uploads\/2026\/04\/label-Bienvenue-au-Chateau-1536x861.jpg 1536w, https:\/\/cparici.com\/wp-content\/uploads\/2026\/04\/label-Bienvenue-au-Chateau-18x10.jpg 18w, https:\/\/cparici.com\/wp-content\/uploads\/2026\/04\/label-Bienvenue-au-Chateau-590x331.jpg 590w, https:\/\/cparici.com\/wp-content\/uploads\/2026\/04\/label-Bienvenue-au-Chateau-1195x670.jpg 1195w, https:\/\/cparici.com\/wp-content\/uploads\/2026\/04\/label-Bienvenue-au-Chateau-577x324.jpg 577w, https:\/\/cparici.com\/wp-content\/uploads\/2026\/04\/label-Bienvenue-au-Chateau-1200x673.jpg 1200w, https:\/\/cparici.com\/wp-content\/uploads\/2026\/04\/label-Bienvenue-au-Chateau-1320x740.jpg 1320w, https:\/\/cparici.com\/wp-content\/uploads\/2026\/04\/label-Bienvenue-au-Chateau-600x336.jpg 600w, https:\/\/cparici.com\/wp-content\/uploads\/2026\/04\/label-Bienvenue-au-Chateau.jpg 1603w\" sizes=\"(max-width: 1024px) 100vw, 1024px\" \/><\/a><\/p><p data-start=\"1938\" data-end=\"2035\">Ce type de positionnement attire une client\u00e8le internationale en qu\u00eate d\u2019authenticit\u00e9 et de luxe.<\/p><h2 data-section-id=\"19reqsu\" data-start=\"2042\" data-end=\"2083\">Les avantages des labels haut de gamme<\/h2><h3 data-section-id=\"hurmth\" data-start=\"2090\" data-end=\"2130\">Une client\u00e8le \u00e0 fort pouvoir d\u2019achat<\/h3><p data-start=\"2132\" data-end=\"2261\">Les <strong data-start=\"2136\" data-end=\"2167\">labels location saisonni\u00e8re<\/strong> premium permettent de cibler une client\u00e8le disposant d\u2019un budget \u00e9lev\u00e9. Cela se traduit par :<\/p><ul data-start=\"2263\" data-end=\"2358\"><li data-section-id=\"1skhm6m\" data-start=\"2263\" data-end=\"2293\">Des tarifs plus importants<\/li><li data-section-id=\"10z8vhu\" data-start=\"2294\" data-end=\"2320\">Des s\u00e9jours plus longs<\/li><li data-section-id=\"70shmp\" data-start=\"2321\" data-end=\"2358\">Une meilleure rentabilit\u00e9 globale<\/li><\/ul><h3 data-section-id=\"1pom157\" data-start=\"2365\" data-end=\"2394\">Une image de marque forte<\/h3><p data-start=\"2396\" data-end=\"2576\">Ces <strong data-start=\"2400\" data-end=\"2431\">labels location saisonni\u00e8re<\/strong> renforcent la perception du bien. Ils permettent de se positionner comme une offre exclusive, ce qui constitue un avantage concurrentiel majeur.<\/p><h3 data-section-id=\"jlsy1c\" data-start=\"2583\" data-end=\"2608\">Des exigences \u00e9lev\u00e9es<\/h3><p data-start=\"2610\" data-end=\"2687\">En contrepartie, les <strong data-start=\"2631\" data-end=\"2662\">labels location saisonni\u00e8re<\/strong> haut de gamme imposent :<\/p><ul data-start=\"2689\" data-end=\"2784\"><li data-section-id=\"1vidqz7\" data-start=\"2689\" data-end=\"2727\">Un niveau de confort irr\u00e9prochable<\/li><li data-section-id=\"1tti09u\" data-start=\"2728\" data-end=\"2758\">Des services personnalis\u00e9s<\/li><li data-section-id=\"1tqc9ps\" data-start=\"2759\" data-end=\"2784\">Une qualit\u00e9 constante<\/li><\/ul><p data-start=\"2786\" data-end=\"2844\">Tous les biens ne peuvent donc pas pr\u00e9tendre \u00e0 ces labels.<\/p><h2 data-section-id=\"7re1pi\" data-start=\"3436\" data-end=\"3512\">Labels \u00e9cologiques : tourisme durable et responsable<\/h2><h3 data-section-id=\"1b3opwp\" data-start=\"3519\" data-end=\"3579\">Les labels environnementaux dans la location touristique<\/h3><p data-start=\"3581\" data-end=\"3893\">Les <strong data-start=\"3585\" data-end=\"3616\">labels location saisonni\u00e8re<\/strong> \u00e9cologiques correspondent \u00e0 des certifications ax\u00e9es sur le <strong data-start=\"3677\" data-end=\"3702\">d\u00e9veloppement durable<\/strong>, la r\u00e9duction de l\u2019impact environnemental et la gestion responsable des ressources. Ils r\u00e9pondent \u00e0 une demande croissante des voyageurs pour des s\u00e9jours plus respectueux de l\u2019environnement.<\/p><p data-start=\"3895\" data-end=\"4084\">Selon <span class=\"hover:entity-accent entity-underline inline cursor-pointer align-baseline\"><span class=\"whitespace-normal\">ADEME<\/span><\/span>, plus de <strong data-start=\"3948\" data-end=\"3969\">70 % des Fran\u00e7ais<\/strong> d\u00e9clarent \u00eatre sensibles \u00e0 l\u2019impact environnemental de leurs vacances, ce qui renforce l\u2019int\u00e9r\u00eat de ces d\u00e9marches.<\/p><h3 data-section-id=\"1vj7kpl\" data-start=\"4091\" data-end=\"4139\">\u00c9colabel europ\u00e9en : une r\u00e9f\u00e9rence officielle<\/h3><p data-start=\"4141\" data-end=\"4236\">L&#8217;<span class=\"hover:entity-accent entity-underline inline cursor-pointer align-baseline\"><span class=\"whitespace-normal\">\u00c9colabel europ\u00e9en<\/span><\/span> est une certification reconnue \u00e0 l\u2019\u00e9chelle europ\u00e9enne.<\/p><p data-start=\"4238\" data-end=\"4272\">Il repose sur plusieurs crit\u00e8res :<\/p><ul data-start=\"4274\" data-end=\"4389\"><li data-section-id=\"1cw56s4\" data-start=\"4274\" data-end=\"4316\">R\u00e9duction de la consommation d\u2019\u00e9nergie<\/li><li data-section-id=\"18wlxc0\" data-start=\"4317\" data-end=\"4337\">Gestion de l\u2019eau<\/li><li data-section-id=\"1sxiz12\" data-start=\"4338\" data-end=\"4364\">Limitation des d\u00e9chets<\/li><li data-section-id=\"3ggg0\" data-start=\"4365\" data-end=\"4389\">Produits \u00e9cologiques<\/li><\/ul><p data-start=\"4391\" data-end=\"4498\"><a href=\"https:\/\/cparici.com\/wp-content\/uploads\/2026\/04\/Ecolabel-europeen-et-hebergements-touristiques-francais.jpg\"><img decoding=\"async\" class=\"aligncenter wp-image-87185 size-large\" src=\"https:\/\/cparici.com\/wp-content\/uploads\/2026\/04\/Ecolabel-europeen-et-hebergements-touristiques-francais-1024x464.jpg\" alt=\"Ecolabel europ\u00e9en et h\u00e9bergements touristiques fran\u00e7ais\" width=\"1024\" height=\"464\" srcset=\"https:\/\/cparici.com\/wp-content\/uploads\/2026\/04\/Ecolabel-europeen-et-hebergements-touristiques-francais-1024x464.jpg 1024w, https:\/\/cparici.com\/wp-content\/uploads\/2026\/04\/Ecolabel-europeen-et-hebergements-touristiques-francais-300x136.jpg 300w, https:\/\/cparici.com\/wp-content\/uploads\/2026\/04\/Ecolabel-europeen-et-hebergements-touristiques-francais-768x348.jpg 768w, https:\/\/cparici.com\/wp-content\/uploads\/2026\/04\/Ecolabel-europeen-et-hebergements-touristiques-francais-18x8.jpg 18w, https:\/\/cparici.com\/wp-content\/uploads\/2026\/04\/Ecolabel-europeen-et-hebergements-touristiques-francais-590x268.jpg 590w, https:\/\/cparici.com\/wp-content\/uploads\/2026\/04\/Ecolabel-europeen-et-hebergements-touristiques-francais-1200x544.jpg 1200w, https:\/\/cparici.com\/wp-content\/uploads\/2026\/04\/Ecolabel-europeen-et-hebergements-touristiques-francais-577x262.jpg 577w, https:\/\/cparici.com\/wp-content\/uploads\/2026\/04\/Ecolabel-europeen-et-hebergements-touristiques-francais-1320x598.jpg 1320w, https:\/\/cparici.com\/wp-content\/uploads\/2026\/04\/Ecolabel-europeen-et-hebergements-touristiques-francais-600x272.jpg 600w, https:\/\/cparici.com\/wp-content\/uploads\/2026\/04\/Ecolabel-europeen-et-hebergements-touristiques-francais.jpg 1513w\" sizes=\"(max-width: 1024px) 100vw, 1024px\" \/><\/a><\/p><p data-start=\"4391\" data-end=\"4498\">Dans le domaine des <strong data-start=\"4411\" data-end=\"4442\">labels location saisonni\u00e8re<\/strong>, il repr\u00e9sente un standard \u00e9lev\u00e9 en mati\u00e8re d\u2019\u00e9cologie.<\/p><h3 data-section-id=\"1y7jrpj\" data-start=\"4505\" data-end=\"4544\">Clef Verte : un label international<\/h3><p data-start=\"4546\" data-end=\"4643\">Le label <span class=\"hover:entity-accent entity-underline inline cursor-pointer align-baseline\"><span class=\"whitespace-normal\">Clef Verte<\/span><\/span> est largement utilis\u00e9 dans le secteur touristique.<\/p><p data-start=\"4645\" data-end=\"4668\">Il se caract\u00e9rise par :<\/p><ul data-start=\"4670\" data-end=\"4760\"><li data-section-id=\"1y73jii\" data-start=\"4670\" data-end=\"4694\">Une approche globale<\/li><li data-section-id=\"5hqam0\" data-start=\"4695\" data-end=\"4722\">Des contr\u00f4les r\u00e9guliers<\/li><li data-section-id=\"11py1wz\" data-start=\"4723\" data-end=\"4760\">Une reconnaissance internationale<\/li><\/ul><p data-start=\"4762\" data-end=\"4875\"><a href=\"https:\/\/cparici.com\/wp-content\/uploads\/2026\/04\/Label-clef-verte.jpg\"><img decoding=\"async\" class=\"aligncenter wp-image-87178 size-large\" src=\"https:\/\/cparici.com\/wp-content\/uploads\/2026\/04\/Label-clef-verte-1024x459.jpg\" alt=\"Label cl\u00e9f verte\" width=\"1024\" height=\"459\" srcset=\"https:\/\/cparici.com\/wp-content\/uploads\/2026\/04\/Label-clef-verte-1024x459.jpg 1024w, https:\/\/cparici.com\/wp-content\/uploads\/2026\/04\/Label-clef-verte-300x134.jpg 300w, https:\/\/cparici.com\/wp-content\/uploads\/2026\/04\/Label-clef-verte-768x344.jpg 768w, https:\/\/cparici.com\/wp-content\/uploads\/2026\/04\/Label-clef-verte-1536x688.jpg 1536w, https:\/\/cparici.com\/wp-content\/uploads\/2026\/04\/Label-clef-verte-18x8.jpg 18w, https:\/\/cparici.com\/wp-content\/uploads\/2026\/04\/Label-clef-verte-590x264.jpg 590w, https:\/\/cparici.com\/wp-content\/uploads\/2026\/04\/Label-clef-verte-1200x538.jpg 1200w, https:\/\/cparici.com\/wp-content\/uploads\/2026\/04\/Label-clef-verte-577x259.jpg 577w, https:\/\/cparici.com\/wp-content\/uploads\/2026\/04\/Label-clef-verte-1320x591.jpg 1320w, https:\/\/cparici.com\/wp-content\/uploads\/2026\/04\/Label-clef-verte-600x269.jpg 600w, https:\/\/cparici.com\/wp-content\/uploads\/2026\/04\/Label-clef-verte.jpg 1683w\" sizes=\"(max-width: 1024px) 100vw, 1024px\" \/><\/a><\/p><p data-start=\"4762\" data-end=\"4875\">Les <strong data-start=\"4766\" data-end=\"4797\">labels location saisonni\u00e8re<\/strong> comme celui-ci permettent de valoriser un engagement environnemental concret.<\/p><h3 data-section-id=\"8tznpk\" data-start=\"4882\" data-end=\"4916\">Ecog\u00eete : une approche durable<\/h3><p data-start=\"4918\" data-end=\"5024\">Le label <span class=\"hover:entity-accent entity-underline inline cursor-pointer align-baseline\"><span class=\"whitespace-normal\">Ecog\u00eete<\/span><\/span> valorise les h\u00e9bergements int\u00e9gr\u00e9s dans leur environnement.<\/p><p data-start=\"5026\" data-end=\"5047\">Il met l\u2019accent sur :<\/p><ul data-start=\"5049\" data-end=\"5133\"><li data-section-id=\"rrrw4y\" data-start=\"5049\" data-end=\"5075\">Les mat\u00e9riaux naturels<\/li><li data-section-id=\"6bmyu7\" data-start=\"5076\" data-end=\"5106\">Les \u00e9nergies renouvelables<\/li><li data-section-id=\"128vzno\" data-start=\"5107\" data-end=\"5133\">La gestion responsable<\/li><\/ul><p data-section-id=\"488pgs\" data-start=\"5140\" data-end=\"5183\"><a href=\"https:\/\/cparici.com\/wp-content\/uploads\/2026\/04\/Capture-ecogite-sur-le-site-de-lAdeme.jpg\"><img decoding=\"async\" class=\"aligncenter wp-image-87180 size-large\" src=\"https:\/\/cparici.com\/wp-content\/uploads\/2026\/04\/Capture-ecogite-sur-le-site-de-lAdeme-1024x439.jpg\" alt=\"Capture ecogite sur le site de l'Ademe\" width=\"1024\" height=\"439\" srcset=\"https:\/\/cparici.com\/wp-content\/uploads\/2026\/04\/Capture-ecogite-sur-le-site-de-lAdeme-1024x439.jpg 1024w, https:\/\/cparici.com\/wp-content\/uploads\/2026\/04\/Capture-ecogite-sur-le-site-de-lAdeme-300x129.jpg 300w, https:\/\/cparici.com\/wp-content\/uploads\/2026\/04\/Capture-ecogite-sur-le-site-de-lAdeme-768x329.jpg 768w, https:\/\/cparici.com\/wp-content\/uploads\/2026\/04\/Capture-ecogite-sur-le-site-de-lAdeme-1536x658.jpg 1536w, https:\/\/cparici.com\/wp-content\/uploads\/2026\/04\/Capture-ecogite-sur-le-site-de-lAdeme-18x8.jpg 18w, https:\/\/cparici.com\/wp-content\/uploads\/2026\/04\/Capture-ecogite-sur-le-site-de-lAdeme-590x253.jpg 590w, https:\/\/cparici.com\/wp-content\/uploads\/2026\/04\/Capture-ecogite-sur-le-site-de-lAdeme-1200x514.jpg 1200w, https:\/\/cparici.com\/wp-content\/uploads\/2026\/04\/Capture-ecogite-sur-le-site-de-lAdeme-577x247.jpg 577w, https:\/\/cparici.com\/wp-content\/uploads\/2026\/04\/Capture-ecogite-sur-le-site-de-lAdeme-1320x565.jpg 1320w, https:\/\/cparici.com\/wp-content\/uploads\/2026\/04\/Capture-ecogite-sur-le-site-de-lAdeme-600x257.jpg 600w, https:\/\/cparici.com\/wp-content\/uploads\/2026\/04\/Capture-ecogite-sur-le-site-de-lAdeme.jpg 1800w\" sizes=\"(max-width: 1024px) 100vw, 1024px\" \/><\/a><\/p><h3 data-section-id=\"488pgs\" data-start=\"5140\" data-end=\"5183\">Pourquoi adopter une d\u00e9marche \u00e9cologique<\/h3><h4 data-section-id=\"mssu3u\" data-start=\"5190\" data-end=\"5227\">R\u00e9pondre \u00e0 une demande croissante<\/h4><p data-start=\"5229\" data-end=\"5347\">Les <strong data-start=\"5233\" data-end=\"5264\">labels location saisonni\u00e8re<\/strong> \u00e9cologiques r\u00e9pondent aux attentes des voyageurs en qu\u00eate de tourisme responsable.<\/p><h4 data-section-id=\"1j0tbad\" data-start=\"5354\" data-end=\"5388\">Se d\u00e9marquer de la concurrence<\/h4><p data-start=\"5390\" data-end=\"5451\">Ils permettent de diff\u00e9rencier un bien dans un march\u00e9 satur\u00e9.<\/p><h4 data-section-id=\"1xhm4tq\" data-start=\"5458\" data-end=\"5481\">Optimiser les co\u00fbts<\/h4><p data-start=\"5483\" data-end=\"5569\">Enfin, ces d\u00e9marches contribuent \u00e0 r\u00e9duire certaines d\u00e9penses, notamment \u00e9nerg\u00e9tiques.<\/p><h2 data-section-id=\"1iwy3jf\" data-start=\"3332\" data-end=\"3407\">Labels sp\u00e9cialis\u00e9s : nature, terroir et exp\u00e9riences<\/h2><h3 data-section-id=\"14n7sej\" data-start=\"3414\" data-end=\"3462\">Des labels ax\u00e9s sur l\u2019exp\u00e9rience touristique<\/h3><p data-start=\"3464\" data-end=\"3730\">Les <strong data-start=\"3468\" data-end=\"3499\">labels location saisonni\u00e8re<\/strong> sp\u00e9cialis\u00e9s se distinguent par leur approche centr\u00e9e sur l\u2019<strong data-start=\"3559\" data-end=\"3580\">exp\u00e9rience client<\/strong>. Contrairement aux certifications g\u00e9n\u00e9ralistes, ils valorisent des s\u00e9jours immersifs li\u00e9s \u00e0 la nature, \u00e0 l\u2019agriculture ou aux activit\u00e9s de plein air.<\/p><p data-start=\"3732\" data-end=\"3879\">Selon <span class=\"hover:entity-accent entity-underline inline cursor-pointer align-baseline\"><span class=\"whitespace-normal\">Organisation mondiale du tourisme<\/span><\/span>, le tourisme exp\u00e9rientiel progresse fortement, avec une croissance annuelle estim\u00e9e \u00e0 plus de <strong data-start=\"3870\" data-end=\"3878\">15 %<\/strong>.<\/p><h3 data-section-id=\"75nms\" data-start=\"3886\" data-end=\"3923\">Accueil Paysan : immersion rurale<\/h3><p data-start=\"3925\" data-end=\"4017\">Le r\u00e9seau <span class=\"hover:entity-accent entity-underline inline cursor-pointer align-baseline\"><span class=\"whitespace-normal\">Accueil Paysan<\/span><\/span> propose des h\u00e9bergements en milieu agricole.<\/p><p data-start=\"4019\" data-end=\"4042\">Il se caract\u00e9rise par :<\/p><ul data-start=\"4044\" data-end=\"4146\"><li data-section-id=\"6ojj35\" data-start=\"4044\" data-end=\"4080\">Une immersion dans la vie rurale<\/li><li data-section-id=\"g7vhf9\" data-start=\"4081\" data-end=\"4105\">Une d\u00e9marche sociale<\/li><li data-section-id=\"1l0pgyx\" data-start=\"4106\" data-end=\"4146\">Une valorisation des circuits courts<\/li><\/ul><p data-start=\"4148\" data-end=\"4247\"><a href=\"https:\/\/cparici.com\/wp-content\/uploads\/2026\/04\/Capture-label-accueil-paysan.jpg\"><img decoding=\"async\" class=\"aligncenter wp-image-87184 size-large\" src=\"https:\/\/cparici.com\/wp-content\/uploads\/2026\/04\/Capture-label-accueil-paysan-1024x439.jpg\" alt=\"Capture label accueil paysan\" width=\"1024\" height=\"439\" srcset=\"https:\/\/cparici.com\/wp-content\/uploads\/2026\/04\/Capture-label-accueil-paysan-1024x439.jpg 1024w, https:\/\/cparici.com\/wp-content\/uploads\/2026\/04\/Capture-label-accueil-paysan-300x129.jpg 300w, https:\/\/cparici.com\/wp-content\/uploads\/2026\/04\/Capture-label-accueil-paysan-768x329.jpg 768w, https:\/\/cparici.com\/wp-content\/uploads\/2026\/04\/Capture-label-accueil-paysan-18x8.jpg 18w, https:\/\/cparici.com\/wp-content\/uploads\/2026\/04\/Capture-label-accueil-paysan-590x253.jpg 590w, https:\/\/cparici.com\/wp-content\/uploads\/2026\/04\/Capture-label-accueil-paysan-1200x515.jpg 1200w, https:\/\/cparici.com\/wp-content\/uploads\/2026\/04\/Capture-label-accueil-paysan-577x248.jpg 577w, https:\/\/cparici.com\/wp-content\/uploads\/2026\/04\/Capture-label-accueil-paysan-1320x566.jpg 1320w, https:\/\/cparici.com\/wp-content\/uploads\/2026\/04\/Capture-label-accueil-paysan-600x257.jpg 600w, https:\/\/cparici.com\/wp-content\/uploads\/2026\/04\/Capture-label-accueil-paysan.jpg 1499w\" sizes=\"(max-width: 1024px) 100vw, 1024px\" \/><\/a><\/p><p data-start=\"4148\" data-end=\"4247\">Dans l\u2019univers des <strong data-start=\"4167\" data-end=\"4198\">labels location saisonni\u00e8re<\/strong>, il cible les voyageurs en qu\u00eate d\u2019authenticit\u00e9.<\/p><h3 data-section-id=\"eahql1\" data-start=\"4254\" data-end=\"4302\">Bienvenue \u00e0 la ferme : terroir et d\u00e9couverte<\/h3><p data-start=\"4304\" data-end=\"4407\">Le label <span class=\"hover:entity-accent entity-underline inline cursor-pointer align-baseline\"><span class=\"whitespace-normal\">Bienvenue \u00e0 la ferme<\/span><\/span> valorise les activit\u00e9s agricoles et les produits locaux.<\/p><p data-start=\"4304\" data-end=\"4407\"><a href=\"https:\/\/cparici.com\/wp-content\/uploads\/2026\/04\/Capture-bienvenue-a-la-ferme.jpg\"><img decoding=\"async\" class=\"aligncenter wp-image-87192 size-large\" src=\"https:\/\/cparici.com\/wp-content\/uploads\/2026\/04\/Capture-bienvenue-a-la-ferme-1024x483.jpg\" alt=\"Capture bienvenue a la ferme\" width=\"1024\" height=\"483\" srcset=\"https:\/\/cparici.com\/wp-content\/uploads\/2026\/04\/Capture-bienvenue-a-la-ferme-1024x483.jpg 1024w, https:\/\/cparici.com\/wp-content\/uploads\/2026\/04\/Capture-bienvenue-a-la-ferme-300x142.jpg 300w, https:\/\/cparici.com\/wp-content\/uploads\/2026\/04\/Capture-bienvenue-a-la-ferme-768x363.jpg 768w, https:\/\/cparici.com\/wp-content\/uploads\/2026\/04\/Capture-bienvenue-a-la-ferme-1536x725.jpg 1536w, https:\/\/cparici.com\/wp-content\/uploads\/2026\/04\/Capture-bienvenue-a-la-ferme-18x8.jpg 18w, https:\/\/cparici.com\/wp-content\/uploads\/2026\/04\/Capture-bienvenue-a-la-ferme-590x278.jpg 590w, https:\/\/cparici.com\/wp-content\/uploads\/2026\/04\/Capture-bienvenue-a-la-ferme-1200x566.jpg 1200w, https:\/\/cparici.com\/wp-content\/uploads\/2026\/04\/Capture-bienvenue-a-la-ferme-577x272.jpg 577w, https:\/\/cparici.com\/wp-content\/uploads\/2026\/04\/Capture-bienvenue-a-la-ferme-1320x623.jpg 1320w, https:\/\/cparici.com\/wp-content\/uploads\/2026\/04\/Capture-bienvenue-a-la-ferme-600x283.jpg 600w, https:\/\/cparici.com\/wp-content\/uploads\/2026\/04\/Capture-bienvenue-a-la-ferme.jpg 1716w\" sizes=\"(max-width: 1024px) 100vw, 1024px\" \/><\/a><\/p><p data-start=\"4409\" data-end=\"4426\">Il met en avant :<\/p><ul data-start=\"4428\" data-end=\"4511\"><li data-section-id=\"r3m5wd\" data-start=\"4428\" data-end=\"4452\">L\u2019accueil \u00e0 la ferme<\/li><li data-section-id=\"99bnro\" data-start=\"4453\" data-end=\"4480\">Les produits du terroir<\/li><li data-section-id=\"1hffoms\" data-start=\"4481\" data-end=\"4511\">Les activit\u00e9s p\u00e9dagogiques<\/li><\/ul><h3 data-section-id=\"55so9o\" data-start=\"4518\" data-end=\"4550\">G\u00eete Panda : nature prot\u00e9g\u00e9e<\/h3><p data-start=\"4552\" data-end=\"4676\">Le label <span class=\"hover:entity-accent entity-underline inline cursor-pointer align-baseline\"><span class=\"whitespace-normal\">G\u00eete Panda<\/span><\/span> distingue les h\u00e9bergements situ\u00e9s dans des environnements naturels pr\u00e9serv\u00e9s.<\/p><p data-start=\"4678\" data-end=\"4693\">Il repose sur :<\/p><ul data-start=\"4695\" data-end=\"4803\"><li data-section-id=\"jpdf39\" data-start=\"4695\" data-end=\"4731\">La protection de la biodiversit\u00e9<\/li><li data-section-id=\"oou0q9\" data-start=\"4732\" data-end=\"4771\">La sensibilisation environnementale<\/li><li data-section-id=\"18ei2ox\" data-start=\"4772\" data-end=\"4803\">Un cadre naturel privil\u00e9gi\u00e9<\/li><\/ul><p><a href=\"https:\/\/cparici.com\/wp-content\/uploads\/2026\/04\/Capture-label-gite-panda.jpg\"><img decoding=\"async\" class=\"aligncenter wp-image-87186 size-large\" src=\"https:\/\/cparici.com\/wp-content\/uploads\/2026\/04\/Capture-label-gite-panda-1024x478.jpg\" alt=\"Capture label gite panda\" width=\"1024\" height=\"478\" srcset=\"https:\/\/cparici.com\/wp-content\/uploads\/2026\/04\/Capture-label-gite-panda-1024x478.jpg 1024w, https:\/\/cparici.com\/wp-content\/uploads\/2026\/04\/Capture-label-gite-panda-300x140.jpg 300w, https:\/\/cparici.com\/wp-content\/uploads\/2026\/04\/Capture-label-gite-panda-768x358.jpg 768w, https:\/\/cparici.com\/wp-content\/uploads\/2026\/04\/Capture-label-gite-panda-18x8.jpg 18w, https:\/\/cparici.com\/wp-content\/uploads\/2026\/04\/Capture-label-gite-panda-590x275.jpg 590w, https:\/\/cparici.com\/wp-content\/uploads\/2026\/04\/Capture-label-gite-panda-1200x560.jpg 1200w, https:\/\/cparici.com\/wp-content\/uploads\/2026\/04\/Capture-label-gite-panda-577x269.jpg 577w, https:\/\/cparici.com\/wp-content\/uploads\/2026\/04\/Capture-label-gite-panda-1320x616.jpg 1320w, https:\/\/cparici.com\/wp-content\/uploads\/2026\/04\/Capture-label-gite-panda-600x280.jpg 600w, https:\/\/cparici.com\/wp-content\/uploads\/2026\/04\/Capture-label-gite-panda.jpg 1517w\" sizes=\"(max-width: 1024px) 100vw, 1024px\" \/><\/a><\/p><h3 data-section-id=\"1h3nt61\" data-start=\"4810\" data-end=\"4844\">Rando Accueil : tourisme actif<\/h3><p data-start=\"4846\" data-end=\"4957\">Le label <span class=\"hover:entity-accent entity-underline inline cursor-pointer align-baseline\"><span class=\"whitespace-normal\">Rando Accueil<\/span><\/span> s\u2019adresse aux amateurs de randonn\u00e9e et d\u2019activit\u00e9s de plein air.<\/p><p data-start=\"4846\" data-end=\"4957\"><a href=\"https:\/\/cparici.com\/wp-content\/uploads\/2026\/04\/Capture-label-rando-accueil.jpg\"><img decoding=\"async\" class=\"aligncenter wp-image-87188 size-large\" src=\"https:\/\/cparici.com\/wp-content\/uploads\/2026\/04\/Capture-label-rando-accueil-1024x497.jpg\" alt=\"Capture label rando accueil\" width=\"1024\" height=\"497\" srcset=\"https:\/\/cparici.com\/wp-content\/uploads\/2026\/04\/Capture-label-rando-accueil-1024x497.jpg 1024w, https:\/\/cparici.com\/wp-content\/uploads\/2026\/04\/Capture-label-rando-accueil-300x146.jpg 300w, https:\/\/cparici.com\/wp-content\/uploads\/2026\/04\/Capture-label-rando-accueil-768x373.jpg 768w, https:\/\/cparici.com\/wp-content\/uploads\/2026\/04\/Capture-label-rando-accueil-18x9.jpg 18w, https:\/\/cparici.com\/wp-content\/uploads\/2026\/04\/Capture-label-rando-accueil-590x286.jpg 590w, https:\/\/cparici.com\/wp-content\/uploads\/2026\/04\/Capture-label-rando-accueil-1200x582.jpg 1200w, https:\/\/cparici.com\/wp-content\/uploads\/2026\/04\/Capture-label-rando-accueil-577x280.jpg 577w, https:\/\/cparici.com\/wp-content\/uploads\/2026\/04\/Capture-label-rando-accueil-1320x641.jpg 1320w, https:\/\/cparici.com\/wp-content\/uploads\/2026\/04\/Capture-label-rando-accueil-600x291.jpg 600w, https:\/\/cparici.com\/wp-content\/uploads\/2026\/04\/Capture-label-rando-accueil.jpg 1391w\" sizes=\"(max-width: 1024px) 100vw, 1024px\" \/><\/a><\/p><p data-start=\"4959\" data-end=\"5052\">Les <strong data-start=\"4963\" data-end=\"4994\">labels <\/strong>\u00a0de ce type permettent de cibler une client\u00e8le sp\u00e9cifique.<\/p><h3 data-section-id=\"1eedl7n\" data-start=\"5059\" data-end=\"5095\">Pourquoi choisir ce type de label<\/h3><h4 data-section-id=\"wmq3wo\" data-start=\"5102\" data-end=\"5126\">Une client\u00e8le cibl\u00e9e<\/h4><p data-start=\"5128\" data-end=\"5216\">Les <strong data-start=\"5132\" data-end=\"5163\">labels<\/strong>\u00a0sp\u00e9cialis\u00e9s permettent d\u2019attirer des profils pr\u00e9cis.<\/p><h4 data-section-id=\"1mtpjiw\" data-start=\"5223\" data-end=\"5252\">Une forte diff\u00e9renciation<\/h4><p data-start=\"5254\" data-end=\"5323\">Ils valorisent l\u2019exp\u00e9rience et renforcent l\u2019attractivit\u00e9 du logement.<\/p><h4 data-section-id=\"8vljpo\" data-start=\"5330\" data-end=\"5367\">Un positionnement marketing clair<\/h4><p data-start=\"5369\" data-end=\"5453\">Enfin, ces dispositifs permettent de mieux se positionner sur une niche touristique.<\/p><h2 data-section-id=\"5vw6ox\" data-start=\"2565\" data-end=\"2644\">Labels accessibilit\u00e9 : le label Tourisme et Handicap<\/h2><h3 data-section-id=\"166u7dn\" data-start=\"2651\" data-end=\"2695\">Un label d\u00e9di\u00e9 \u00e0 l\u2019inclusion touristique<\/h3><p data-start=\"2697\" data-end=\"2913\">Les <strong data-start=\"2701\" data-end=\"2732\">labels<\/strong>\u00a0li\u00e9s \u00e0 l\u2019accessibilit\u00e9 garantissent un accueil adapt\u00e9 aux personnes en situation de handicap. En France, le principal dispositif est le label <strong><span class=\"hover:entity-accent entity-underline inline cursor-pointer align-baseline\"><span class=\"whitespace-normal\">Tourisme et Handicap<\/span><\/span><\/strong>.<\/p><h3 data-section-id=\"1bphsbz\" data-start=\"3048\" data-end=\"3076\">Les crit\u00e8res d\u2019obtention<\/h3><p data-start=\"3078\" data-end=\"3159\">Le label <a href=\"https:\/\/cparici.com\/tourisme-et-handicap-label-inclusif\/\"><span class=\"hover:entity-accent entity-underline inline cursor-pointer align-baseline\"><span class=\"whitespace-normal\">Tourisme et Handicap<\/span><\/span><\/a> repose sur une \u00e9valuation pr\u00e9cise.<\/p><p data-start=\"3161\" data-end=\"3184\">Les crit\u00e8res incluent :<\/p><ul data-start=\"3186\" data-end=\"3286\"><li data-section-id=\"hb0e8m\" data-start=\"3186\" data-end=\"3215\">Accessibilit\u00e9 des espaces<\/li><li data-section-id=\"ilvcw2\" data-start=\"3216\" data-end=\"3239\">\u00c9quipements adapt\u00e9s<\/li><li data-section-id=\"cdjg7n\" data-start=\"3240\" data-end=\"3263\">Signal\u00e9tique claire<\/li><li data-section-id=\"zr4j4f\" data-start=\"3264\" data-end=\"3286\">S\u00e9curit\u00e9 renforc\u00e9e<\/li><\/ul><p data-start=\"3288\" data-end=\"3385\"><a href=\"https:\/\/cparici.com\/wp-content\/uploads\/2026\/04\/Capture-label-tourisme-et-handicap-sur-atout-france.jpg\"><img decoding=\"async\" class=\"aligncenter wp-image-87198 size-large\" src=\"https:\/\/cparici.com\/wp-content\/uploads\/2026\/04\/Capture-label-tourisme-et-handicap-sur-atout-france-1024x505.jpg\" alt=\"Capture label tourisme et handicap sur atout france\" width=\"1024\" height=\"505\" srcset=\"https:\/\/cparici.com\/wp-content\/uploads\/2026\/04\/Capture-label-tourisme-et-handicap-sur-atout-france-1024x505.jpg 1024w, https:\/\/cparici.com\/wp-content\/uploads\/2026\/04\/Capture-label-tourisme-et-handicap-sur-atout-france-300x148.jpg 300w, https:\/\/cparici.com\/wp-content\/uploads\/2026\/04\/Capture-label-tourisme-et-handicap-sur-atout-france-768x379.jpg 768w, https:\/\/cparici.com\/wp-content\/uploads\/2026\/04\/Capture-label-tourisme-et-handicap-sur-atout-france-1536x758.jpg 1536w, https:\/\/cparici.com\/wp-content\/uploads\/2026\/04\/Capture-label-tourisme-et-handicap-sur-atout-france-18x9.jpg 18w, https:\/\/cparici.com\/wp-content\/uploads\/2026\/04\/Capture-label-tourisme-et-handicap-sur-atout-france-590x291.jpg 590w, https:\/\/cparici.com\/wp-content\/uploads\/2026\/04\/Capture-label-tourisme-et-handicap-sur-atout-france-1200x592.jpg 1200w, https:\/\/cparici.com\/wp-content\/uploads\/2026\/04\/Capture-label-tourisme-et-handicap-sur-atout-france-577x285.jpg 577w, https:\/\/cparici.com\/wp-content\/uploads\/2026\/04\/Capture-label-tourisme-et-handicap-sur-atout-france-1320x652.jpg 1320w, https:\/\/cparici.com\/wp-content\/uploads\/2026\/04\/Capture-label-tourisme-et-handicap-sur-atout-france-600x296.jpg 600w, https:\/\/cparici.com\/wp-content\/uploads\/2026\/04\/Capture-label-tourisme-et-handicap-sur-atout-france.jpg 1574w\" sizes=\"(max-width: 1024px) 100vw, 1024px\" \/><\/a><\/p><p data-start=\"3288\" data-end=\"3385\">Dans l\u2019univers des <strong data-start=\"3307\" data-end=\"3338\">labels location saisonni\u00e8re<\/strong>, il garantit un niveau d\u2019accessibilit\u00e9 fiable.<\/p><h3 data-section-id=\"1k3ajho\" data-start=\"3392\" data-end=\"3421\">Une opportunit\u00e9 de march\u00e9<\/h3><p data-start=\"3423\" data-end=\"3535\">Selon <span class=\"hover:entity-accent entity-underline inline cursor-pointer align-baseline\"><span class=\"whitespace-normal\">INSEE<\/span><\/span>, pr\u00e8s de <strong data-start=\"3476\" data-end=\"3503\">12 millions de Fran\u00e7ais<\/strong> sont concern\u00e9s par un handicap.<\/p><p data-start=\"3537\" data-end=\"3669\">Les <strong data-start=\"3541\" data-end=\"3572\">labels location saisonni\u00e8re<\/strong> li\u00e9s \u00e0 l\u2019accessibilit\u00e9 permettent donc de r\u00e9pondre \u00e0 une demande encore insuffisamment couverte.<\/p><h3 data-section-id=\"5sr1uk\" data-start=\"3676\" data-end=\"3715\">Les b\u00e9n\u00e9fices pour les propri\u00e9taires<\/h3><h4 data-section-id=\"14jtra5\" data-start=\"3722\" data-end=\"3747\">Une client\u00e8le \u00e9largie<\/h4><p data-start=\"3749\" data-end=\"3819\">Ces dispositifs permettent d\u2019attirer de nouveaux profils de voyageurs.<\/p><h4 data-section-id=\"1wm09es\" data-start=\"3826\" data-end=\"3849\">Un confort am\u00e9lior\u00e9<\/h4><p data-start=\"3851\" data-end=\"3902\">Les am\u00e9nagements profitent \u00e0 tous les utilisateurs.<\/p><h4 data-section-id=\"1wjl8un\" data-start=\"3909\" data-end=\"3932\">Une image valoris\u00e9e<\/h4><p data-start=\"3934\" data-end=\"4052\">Les <strong data-start=\"3938\" data-end=\"3969\">labels location saisonni\u00e8re<\/strong> li\u00e9s \u00e0 l\u2019inclusion renforcent la cr\u00e9dibilit\u00e9 et la responsabilit\u00e9 du propri\u00e9taire.<\/p><h2 data-section-id=\"41hnes\" data-start=\"162\" data-end=\"238\">Labels location saisonni\u00e8re indirects : les labels territoriaux<\/h2><h3 data-section-id=\"tsnybo\" data-start=\"245\" data-end=\"281\">Une confusion fr\u00e9quente \u00e0 \u00e9viter<\/h3><p data-start=\"283\" data-end=\"542\">Dans l\u2019univers des <strong data-start=\"302\" data-end=\"333\">labels location saisonni\u00e8re<\/strong>, il est fr\u00e9quent de confondre les labels d\u2019h\u00e9bergement avec certains labels territoriaux. Pourtant, ces derniers ne certifient pas directement un logement, mais valorisent un environnement ou une destination.<\/p><p data-start=\"544\" data-end=\"712\">Cette confusion est tr\u00e8s r\u00e9pandue sur Google, alors qu\u2019elle est essentielle \u00e0 clarifier pour bien comprendre le fonctionnement r\u00e9el des <strong data-start=\"680\" data-end=\"711\">labels location saisonni\u00e8re<\/strong>.<\/p><h3 data-section-id=\"41n5fa\" data-start=\"719\" data-end=\"762\">Station Verte : un label de destination<\/h3><p data-start=\"764\" data-end=\"881\">Le label <span class=\"hover:entity-accent entity-underline inline cursor-pointer align-baseline\"><span class=\"whitespace-normal\">Station Verte<\/span><\/span> est attribu\u00e9 \u00e0 des communes rurales engag\u00e9es dans un tourisme durable.<\/p><p data-start=\"883\" data-end=\"896\">Il valorise :<\/p><ul data-start=\"898\" data-end=\"978\"><li data-section-id=\"133zcv7\" data-start=\"898\" data-end=\"919\">La qualit\u00e9 de vie<\/li><li data-section-id=\"tkaw55\" data-start=\"920\" data-end=\"950\">Les activit\u00e9s de plein air<\/li><li data-section-id=\"14rsq5y\" data-start=\"951\" data-end=\"978\">L\u2019environnement naturel<\/li><\/ul><p data-start=\"980\" data-end=\"1102\">Cependant, il ne fait pas partie des <strong data-start=\"1017\" data-end=\"1048\">labels location saisonni\u00e8re<\/strong>, car il ne concerne pas directement les h\u00e9bergements.<\/p><h3 data-section-id=\"1t9esf7\" data-start=\"1109\" data-end=\"1153\">Pavillon Bleu : un label environnemental<\/h3><p data-start=\"1155\" data-end=\"1281\">Le label <span class=\"hover:entity-accent entity-underline inline cursor-pointer align-baseline\"><span class=\"whitespace-normal\">Pavillon Bleu<\/span><\/span> distingue les <a href=\"https:\/\/cparici.com\/fr\/plages-en-france\/\">plages<\/a> et ports respectant des crit\u00e8res environnementaux stricts.<\/p><p data-start=\"1283\" data-end=\"1298\">Il repose sur :<\/p><ul data-start=\"1300\" data-end=\"1384\"><li data-section-id=\"us9xz1\" data-start=\"1300\" data-end=\"1323\">La qualit\u00e9 de l\u2019eau<\/li><li data-section-id=\"1l5yony\" data-start=\"1324\" data-end=\"1350\">La gestion des d\u00e9chets<\/li><li data-section-id=\"c63gi8\" data-start=\"1351\" data-end=\"1384\">L\u2019\u00e9ducation \u00e0 l\u2019environnement<\/li><\/ul><p data-start=\"1386\" data-end=\"1511\">L\u00e0 encore, ce label n\u2019appartient pas aux <strong data-start=\"1427\" data-end=\"1458\">labels location saisonni\u00e8re<\/strong>, m\u00eame s\u2019il influence l\u2019attractivit\u00e9 d\u2019un territoire.<\/p><h3 data-section-id=\"trhm3m\" data-start=\"1518\" data-end=\"1563\">Pr\u00e9 Vert : valorisation \u00e9cologique locale<\/h3><p data-start=\"1565\" data-end=\"1695\">Le label <span class=\"hover:entity-accent entity-underline inline cursor-pointer align-baseline\"><span class=\"whitespace-normal\">Pr\u00e9 Vert<\/span><\/span> met en avant des initiatives locales li\u00e9es \u00e0 l\u2019\u00e9cologie et au tourisme responsable.<\/p><p data-start=\"1697\" data-end=\"1713\">Il contribue \u00e0 :<\/p><ul data-start=\"1715\" data-end=\"1825\"><li data-section-id=\"dx4qgm\" data-start=\"1715\" data-end=\"1754\">Promouvoir des territoires durables<\/li><li data-section-id=\"1lfsh1x\" data-start=\"1755\" data-end=\"1795\">Encourager les pratiques \u00e9cologiques<\/li><li data-section-id=\"fq6ljc\" data-start=\"1796\" data-end=\"1825\">Valoriser l\u2019environnement<\/li><\/ul><p data-start=\"1827\" data-end=\"1950\">Comme les pr\u00e9c\u00e9dents, il ne constitue pas un dispositif de <strong data-start=\"1886\" data-end=\"1917\">labels location saisonni\u00e8re<\/strong>, mais un \u00e9l\u00e9ment compl\u00e9mentaire.<\/p><h3 data-section-id=\"1ks319t\" data-start=\"1957\" data-end=\"2018\">Pourquoi ces labels influencent malgr\u00e9 tout votre location<\/h3><h4 data-section-id=\"1r2hn3w\" data-start=\"2025\" data-end=\"2071\">Un impact sur l\u2019attractivit\u00e9 du territoire<\/h4><p data-start=\"2073\" data-end=\"2217\">M\u00eame s\u2019ils ne font pas partie des <strong data-start=\"2107\" data-end=\"2138\">labels location saisonni\u00e8re<\/strong>, ces labels territoriaux jouent un r\u00f4le important dans le choix des voyageurs.<\/p><p data-start=\"2219\" data-end=\"2276\">Un logement situ\u00e9 dans une commune labellis\u00e9e b\u00e9n\u00e9ficie :<\/p><ul data-start=\"2278\" data-end=\"2359\"><li data-section-id=\"j9bexz\" data-start=\"2278\" data-end=\"2302\">D\u2019une image positive<\/li><li data-section-id=\"lvqgv9\" data-start=\"2303\" data-end=\"2334\">D\u2019un environnement valoris\u00e9<\/li><li data-section-id=\"1nkyqr9\" data-start=\"2335\" data-end=\"2359\">D\u2019un cadre attractif<\/li><\/ul><hr \/><h2 data-section-id=\"1hsq4nw\" data-start=\"5581\" data-end=\"5622\">Ce que ces labels apportent r\u00e9ellement<\/h2><h3 data-section-id=\"19h0ers\" data-start=\"5629\" data-end=\"5660\">Un accompagnement structur\u00e9<\/h3><p data-start=\"5662\" data-end=\"5799\">Les <strong data-start=\"5666\" data-end=\"5697\">labels<\/strong>\u00a0de r\u00e9seau offrent un accompagnement complet : conseils, suivi qualit\u00e9 et aide \u00e0 la commercialisation.<\/p><h3 data-section-id=\"1xtpf2g\" data-start=\"5806\" data-end=\"5834\">Une meilleure visibilit\u00e9<\/h3><p data-start=\"5836\" data-end=\"5947\">Gr\u00e2ce \u00e0 leurs plateformes et partenariats, ces r\u00e9seaux permettent d\u2019am\u00e9liorer la distribution des h\u00e9bergements.<\/p><h3 data-section-id=\"12z6dvr\" data-start=\"5954\" data-end=\"5981\">Une garantie de qualit\u00e9<\/h3><p data-start=\"5983\" data-end=\"6097\">Enfin, les <strong data-start=\"5994\" data-end=\"6025\">labels<\/strong>\u00a0assurent une homog\u00e9n\u00e9it\u00e9 des prestations, ce qui rassure les voyageurs.<\/p><h2 data-section-id=\"1q6mphq\" data-start=\"2058\" data-end=\"2130\">Pourquoi les labels location saisonni\u00e8re sont devenus incontournables<\/h2><h3 data-section-id=\"sb4705\" data-start=\"2132\" data-end=\"2177\">Un rep\u00e8re de confiance pour les voyageurs<\/h3><p data-start=\"2179\" data-end=\"2481\">Dans un contexte o\u00f9 les plateformes de r\u00e9servation se multiplient, les <strong data-start=\"2250\" data-end=\"2281\">labels location saisonni\u00e8re<\/strong> apportent une <strong data-start=\"2296\" data-end=\"2329\">garantie de qualit\u00e9 objective<\/strong>. Selon <span class=\"hover:entity-accent entity-underline inline cursor-pointer align-baseline\"><span class=\"whitespace-normal\">Atout France<\/span><\/span>, la France compte plus de <strong data-start=\"2401\" data-end=\"2440\">1,2 million de meubl\u00e9s touristiques<\/strong>, rendant la diff\u00e9renciation essentielle.<\/p><p data-start=\"2483\" data-end=\"2649\">Les voyageurs utilisent donc ces rep\u00e8res pour s\u00e9curiser leur choix, ce qui renforce l\u2019importance des <strong data-start=\"2584\" data-end=\"2615\">labels location saisonni\u00e8re<\/strong> dans le processus de r\u00e9servation.<\/p><h3 data-section-id=\"z97csw\" data-start=\"2656\" data-end=\"2707\">Un levier de performance pour les propri\u00e9taires<\/h3><p data-start=\"2709\" data-end=\"2900\">Les <strong data-start=\"2713\" data-end=\"2744\">labels location saisonni\u00e8re<\/strong> ne sont pas uniquement utiles aux touristes. Ils constituent aussi un <strong data-start=\"2815\" data-end=\"2836\">outil strat\u00e9gique<\/strong> pour les propri\u00e9taires souhaitant am\u00e9liorer leurs performances.<\/p><p data-start=\"2902\" data-end=\"3144\">Une \u00e9tude de <span class=\"hover:entity-accent entity-underline inline cursor-pointer align-baseline\"><span class=\"whitespace-normal\">INSEE<\/span><\/span> montre que les logements labellis\u00e9s enregistrent un <strong data-start=\"3005\" data-end=\"3049\">taux d\u2019occupation sup\u00e9rieur de 15 \u00e0 25 %<\/strong>. Cela d\u00e9montre que les <strong data-start=\"3073\" data-end=\"3104\">labels location saisonni\u00e8re<\/strong> influencent directement la rentabilit\u00e9.<\/p><h3 data-section-id=\"1yiyh0h\" data-start=\"3151\" data-end=\"3194\">Des avantages fiscaux et r\u00e9glementaires<\/h3><p data-start=\"3196\" data-end=\"3363\">Certains dispositifs permettent \u00e9galement d\u2019obtenir des b\u00e9n\u00e9fices fiscaux. D\u2019apr\u00e8s le site officiel service public, le classement peut offrir un <strong data-start=\"3394\" data-end=\"3428\">abattement fiscal jusqu\u2019\u00e0 71 %<\/strong>, ce qui renforce l\u2019int\u00e9r\u00eat des <strong data-start=\"3460\" data-end=\"3491\">labels location saisonni\u00e8re<\/strong> pour les investisseurs.<\/p><h3 data-section-id=\"1a5xi2r\" data-start=\"3522\" data-end=\"3565\">Une garantie bas\u00e9e sur un contr\u00f4le r\u00e9el<\/h3><p data-start=\"3567\" data-end=\"3799\">Enfin, les <strong data-start=\"3578\" data-end=\"3609\">labels location saisonni\u00e8re<\/strong> reposent sur des <strong data-start=\"3627\" data-end=\"3646\">audits concrets<\/strong>, r\u00e9alis\u00e9s par des organismes ind\u00e9pendants. Ce fonctionnement garantit une \u00e9valuation fiable et renforce la cr\u00e9dibilit\u00e9 du logement aupr\u00e8s des voyageurs.<\/p><h2 data-section-id=\"1e57vm1\" data-start=\"4368\" data-end=\"4442\">Pourquoi obtenir des labels location saisonni\u00e8re : avantages et limites<\/h2><h3 data-section-id=\"14qbe7z\" data-start=\"4449\" data-end=\"4489\">Les b\u00e9n\u00e9fices pour les propri\u00e9taires<\/h3><p data-start=\"4491\" data-end=\"4953\">Les <strong data-start=\"4495\" data-end=\"4526\">labels location saisonni\u00e8re<\/strong> repr\u00e9sentent un v\u00e9ritable levier de <strong data-start=\"4563\" data-end=\"4591\">valorisation immobili\u00e8re<\/strong>. En apportant une reconnaissance officielle ou priv\u00e9e, ils permettent d\u2019am\u00e9liorer l\u2019image du bien et de rassurer imm\u00e9diatement les voyageurs. Dans un march\u00e9 concurrentiel domin\u00e9 par des plateformes comme <span class=\"hover:entity-accent entity-underline inline cursor-pointer align-baseline\"><span class=\"whitespace-normal\">Airbnb<\/span><\/span> ou <span class=\"hover:entity-accent entity-underline inline cursor-pointer align-baseline\"><span class=\"whitespace-normal\">Abritel<\/span><\/span>, disposer de ces certifications constitue un avantage concurrentiel important.<\/p><p data-start=\"4955\" data-end=\"5292\">D\u2019un point de vue concret, ces dispositifs permettent souvent d\u2019augmenter les tarifs. Plusieurs \u00e9tudes sectorielles montrent qu\u2019un <a href=\"https:\/\/cparici.com\/fr\/hebergements-de-tourisme-en-france\/\">h\u00e9bergement<\/a> labellis\u00e9 peut g\u00e9n\u00e9rer une <strong data-start=\"5125\" data-end=\"5156\">hausse de prix de 10 \u00e0 30 %<\/strong>, en fonction du niveau de qualit\u00e9 affich\u00e9. Ainsi, les <strong data-start=\"5211\" data-end=\"5242\">labels location saisonni\u00e8re<\/strong> contribuent directement \u00e0 la rentabilit\u00e9 du bien.<\/p><h3 data-section-id=\"reqa0a\" data-start=\"5299\" data-end=\"5336\">Une meilleure visibilit\u00e9 en ligne<\/h3><p data-start=\"5338\" data-end=\"5562\">Les <strong data-start=\"5342\" data-end=\"5373\">labels location saisonni\u00e8re<\/strong> am\u00e9liorent \u00e9galement la <strong data-start=\"5398\" data-end=\"5421\">visibilit\u00e9 digitale<\/strong>. Sur de nombreuses plateformes, les logements class\u00e9s ou certifi\u00e9s sont mieux r\u00e9f\u00e9renc\u00e9s et apparaissent plus facilement dans les r\u00e9sultats.<\/p><p data-start=\"5564\" data-end=\"5810\">Selon une analyse du site officiel <span class=\"hover:entity-accent entity-underline inline cursor-pointer align-baseline\"><span class=\"whitespace-normal\">Atout France<\/span><\/span>, les h\u00e9bergements disposant d\u2019un classement ou d\u2019une certification b\u00e9n\u00e9ficient d\u2019une <strong data-start=\"5722\" data-end=\"5760\">meilleure attractivit\u00e9 commerciale<\/strong>, notamment aupr\u00e8s des client\u00e8les internationales.<\/p><h3 data-section-id=\"ykfv1r\" data-start=\"5817\" data-end=\"5857\">Un impact sur le taux de r\u00e9servation<\/h3><p data-start=\"5859\" data-end=\"6048\">Les <strong data-start=\"5863\" data-end=\"5894\">labels location saisonni\u00e8re<\/strong> influencent fortement le comportement des voyageurs. En r\u00e9duisant l\u2019incertitude, ils facilitent la prise de d\u00e9cision et augmentent le taux de conversion.<\/p><p data-start=\"6050\" data-end=\"6247\">Une publication de <span class=\"hover:entity-accent entity-underline inline cursor-pointer align-baseline\"><span class=\"whitespace-normal\">INSEE<\/span><\/span> indique que les h\u00e9bergements certifi\u00e9s enregistrent un <strong data-start=\"6162\" data-end=\"6206\">taux d\u2019occupation sup\u00e9rieur de 15 \u00e0 25 %<\/strong>, ce qui confirme leur impact \u00e9conomique.<\/p><h2 data-section-id=\"1dtaloc\" data-start=\"6254\" data-end=\"6280\">Les limites \u00e0 conna\u00eetre<\/h2><h3 data-section-id=\"14zc6nv\" data-start=\"6287\" data-end=\"6312\">Des co\u00fbts \u00e0 anticiper<\/h3><p data-start=\"6314\" data-end=\"6546\">Les <strong data-start=\"6318\" data-end=\"6349\">labels location saisonni\u00e8re<\/strong> impliquent des frais li\u00e9s \u00e0 l\u2019adh\u00e9sion, aux audits et au renouvellement. Certains labels priv\u00e9s peuvent repr\u00e9senter plusieurs centaines d\u2019euros par an, ce qui n\u00e9cessite d\u2019\u00e9valuer leur rentabilit\u00e9.<\/p><h3 data-section-id=\"17fpvn0\" data-start=\"6553\" data-end=\"6589\">Des exigences de qualit\u00e9 \u00e9lev\u00e9es<\/h3><p data-start=\"6591\" data-end=\"6772\">Ces dispositifs reposent sur des crit\u00e8res stricts : \u00e9quipements, confort, services\u2026 Tous les biens ne sont pas imm\u00e9diatement compatibles, ce qui peut n\u00e9cessiter des investissements.<\/p><h3 data-section-id=\"g4dp7e\" data-start=\"6779\" data-end=\"6810\">Un engagement dans la dur\u00e9e<\/h3><p data-start=\"6812\" data-end=\"6981\">Enfin, les <strong data-start=\"6823\" data-end=\"6854\">labels location saisonni\u00e8re<\/strong> demandent un suivi r\u00e9gulier avec des contr\u00f4les p\u00e9riodiques. Le propri\u00e9taire doit donc maintenir un niveau de qualit\u00e9 constant.<\/p><h3 data-section-id=\"h28rom\" data-start=\"6988\" data-end=\"7062\">Synth\u00e8se des avantages et inconv\u00e9nients des labels location saisonni\u00e8re<\/h3><h3 data-section-id=\"126u28k\" data-start=\"7069\" data-end=\"7091\">Tableau comparatif<\/h3><div class=\"TyagGW_tableContainer\"><div class=\"group TyagGW_tableWrapper flex flex-col-reverse w-fit\" tabindex=\"-1\"><table class=\"w-fit min-w-(--thread-content-width)\" data-start=\"7093\" data-end=\"7407\"><thead data-start=\"7093\" data-end=\"7132\"><tr data-start=\"7093\" data-end=\"7132\"><th class=\"\" data-start=\"7093\" data-end=\"7103\" data-col-size=\"sm\">Crit\u00e8re<\/th><th class=\"\" data-start=\"7103\" data-end=\"7115\" data-col-size=\"sm\">Avantages<\/th><th class=\"\" data-start=\"7115\" data-end=\"7132\" data-col-size=\"sm\">Inconv\u00e9nients<\/th><\/tr><\/thead><tbody data-start=\"7170\" data-end=\"7407\"><tr data-start=\"7170\" data-end=\"7227\"><td data-start=\"7170\" data-end=\"7183\" data-col-size=\"sm\">Visibilit\u00e9<\/td><td data-start=\"7183\" data-end=\"7208\" data-col-size=\"sm\">Meilleur r\u00e9f\u00e9rencement<\/td><td data-start=\"7208\" data-end=\"7227\" data-col-size=\"sm\">D\u00e9pend du label<\/td><\/tr><tr data-start=\"7228\" data-end=\"7287\"><td data-start=\"7228\" data-end=\"7242\" data-col-size=\"sm\">Rentabilit\u00e9<\/td><td data-start=\"7242\" data-end=\"7261\" data-col-size=\"sm\">Prix plus \u00e9lev\u00e9s<\/td><td data-start=\"7261\" data-end=\"7287\" data-col-size=\"sm\">Investissement initial<\/td><\/tr><tr data-start=\"7288\" data-end=\"7343\"><td data-start=\"7288\" data-end=\"7302\" data-col-size=\"sm\">Cr\u00e9dibilit\u00e9<\/td><td data-start=\"7302\" data-end=\"7321\" data-col-size=\"sm\">Confiance accrue<\/td><td data-start=\"7321\" data-end=\"7343\" data-col-size=\"sm\">Normes \u00e0 respecter<\/td><\/tr><tr data-start=\"7344\" data-end=\"7407\"><td data-start=\"7344\" data-end=\"7356\" data-col-size=\"sm\">Fiscalit\u00e9<\/td><td data-start=\"7356\" data-end=\"7378\" data-col-size=\"sm\">Avantages possibles<\/td><td data-start=\"7378\" data-end=\"7407\" data-col-size=\"sm\">Complexit\u00e9 administrative<\/td><\/tr><\/tbody><\/table><\/div><\/div>\t\t\t\t\t\t\t\t<\/div>\n\t\t\t\t\t<\/div>\n\t\t\t\t<\/div>\n\t\t<div class=\"elementor-element elementor-element-5ea05d1b e-flex e-con-boxed e-con e-parent\" data-id=\"5ea05d1b\" data-element_type=\"container\" data-e-type=\"container\">\n\t\t\t\t\t<div class=\"e-con-inner\">\n\t\t\t\t<div class=\"elementor-element elementor-element-4bfd5c1c elementor-align-center elementor-widget elementor-widget-button\" data-id=\"4bfd5c1c\" data-element_type=\"widget\" data-e-type=\"widget\" data-widget_type=\"button.default\">\n\t\t\t\t\t\t\t\t\t\t<a class=\"elementor-button elementor-button-link elementor-size-sm\" href=\"https:\/\/cparici.com\/fr\/inscription\/\">\n\t\t\t\t\t\t<span class=\"elementor-button-content-wrapper\">\n\t\t\t\t\t\t\t\t\t<span class=\"elementor-button-text\">Je publie mon annonce  sur cparici.com<\/span>\n\t\t\t\t\t<\/span>\n\t\t\t\t\t<\/a>\n\t\t\t\t\t\t\t\t<\/div>\n\t\t\t\t\t<\/div>\n\t\t\t\t<\/div>\n\t\t<div class=\"elementor-element elementor-element-3974a38 e-flex e-con-boxed e-con e-parent\" data-id=\"3974a38\" data-element_type=\"container\" data-e-type=\"container\">\n\t\t\t\t\t<div class=\"e-con-inner\">\n\t\t\t\t<div class=\"elementor-element elementor-element-44d04f5 elementor-widget elementor-widget-spacer\" data-id=\"44d04f5\" data-element_type=\"widget\" data-e-type=\"widget\" data-widget_type=\"spacer.default\">\n\t\t\t\t\t\t\t<div class=\"elementor-spacer\">\n\t\t\t<div class=\"elementor-spacer-inner\"><\/div>\n\t\t<\/div>\n\t\t\t\t\t\t<\/div>\n\t\t\t\t\t<\/div>\n\t\t\t\t<\/div>\n\t\t<aside class=\"elementor-element elementor-element-c371c02 e-flex e-con-boxed e-con e-parent\" data-id=\"c371c02\" data-element_type=\"container\" data-e-type=\"container\">\n\t\t\t\t\t<div class=\"e-con-inner\">\n\t\t\t\t<div class=\"elementor-element elementor-element-ffe4db2 elementor-widget elementor-widget-listeo-posts-grid\" data-id=\"ffe4db2\" data-element_type=\"widget\" data-e-type=\"widget\" data-widget_type=\"listeo-posts-grid.default\">\n\t\t\t\t<div class=\"elementor-widget-container\">\n\t\t\t\t\t\t\t\n\t\t<div class=\"listeo-post-grid-wrapper\">\n\t\t\t<div class=\"row\">\n\n\t\t\t\n\n\t\t\t\t\t\t\t<div class=\"col-md-4\">\n                <a href=\"https:\/\/cparici.com\/fr\/maison-dhotes-guide-complet-proprietaires\/\" class=\"blog-compact-item-container\">\n                    <div class=\"blog-compact-item\">\n                        <img decoding=\"async\" width=\"577\" height=\"241\" src=\"https:\/\/cparici.com\/wp-content\/uploads\/2026\/04\/Maison-dhotes-conseils-pour-les-proprietaires-577x241.jpg\" class=\"attachment-listeo-blog-related-post size-listeo-blog-related-post wp-post-image\" alt=\"Maison d&#039;h\u00f4tes conseils pour les propri\u00e9taires\" srcset=\"https:\/\/cparici.com\/wp-content\/uploads\/2026\/04\/Maison-dhotes-conseils-pour-les-proprietaires-577x241.jpg 577w, https:\/\/cparici.com\/wp-content\/uploads\/2026\/04\/Maison-dhotes-conseils-pour-les-proprietaires-300x125.jpg 300w, https:\/\/cparici.com\/wp-content\/uploads\/2026\/04\/Maison-dhotes-conseils-pour-les-proprietaires-1024x428.jpg 1024w, https:\/\/cparici.com\/wp-content\/uploads\/2026\/04\/Maison-dhotes-conseils-pour-les-proprietaires-768x321.jpg 768w, https:\/\/cparici.com\/wp-content\/uploads\/2026\/04\/Maison-dhotes-conseils-pour-les-proprietaires-18x8.jpg 18w, https:\/\/cparici.com\/wp-content\/uploads\/2026\/04\/Maison-dhotes-conseils-pour-les-proprietaires-590x247.jpg 590w, https:\/\/cparici.com\/wp-content\/uploads\/2026\/04\/Maison-dhotes-conseils-pour-les-proprietaires-1200x502.jpg 1200w, https:\/\/cparici.com\/wp-content\/uploads\/2026\/04\/Maison-dhotes-conseils-pour-les-proprietaires-1320x552.jpg 1320w, https:\/\/cparici.com\/wp-content\/uploads\/2026\/04\/Maison-dhotes-conseils-pour-les-proprietaires-600x251.jpg 600w, https:\/\/cparici.com\/wp-content\/uploads\/2026\/04\/Maison-dhotes-conseils-pour-les-proprietaires.jpg 1536w\" sizes=\"(max-width: 577px) 100vw, 577px\" \/><span class=\"blog-item-tag\">H\u00e9bergement<\/span>                        \n                        <div class=\"blog-compact-item-content\">\n                                                        <h3>Maison d\u2019h\u00f4tes : guide complet pour propri\u00e9taires<\/h3>\n                                                        <p>Recherches populaires Categories Pas de r\u00e9sultats Voir tous les r\u00e9sultats Maison d\u2019h\u00f4tes : guide complet...                            <\/p>\n                                                    <\/div>\n                    <\/div>\n                <\/a>\n            <\/div>\n\t\t\t<div class=\"col-md-4\">\n                <a href=\"https:\/\/cparici.com\/fr\/clevacances-guide-complet-du-label\/\" class=\"blog-compact-item-container\">\n                    <div class=\"blog-compact-item\">\n                        <img decoding=\"async\" width=\"577\" height=\"234\" src=\"https:\/\/cparici.com\/wp-content\/uploads\/2026\/04\/Clevacances-577x234.jpg\" class=\"attachment-listeo-blog-related-post size-listeo-blog-related-post wp-post-image\" alt=\"Cl\u00e9vacances\" srcset=\"https:\/\/cparici.com\/wp-content\/uploads\/2026\/04\/Clevacances-577x234.jpg 577w, https:\/\/cparici.com\/wp-content\/uploads\/2026\/04\/Clevacances-300x121.jpg 300w, https:\/\/cparici.com\/wp-content\/uploads\/2026\/04\/Clevacances-1024x415.jpg 1024w, https:\/\/cparici.com\/wp-content\/uploads\/2026\/04\/Clevacances-768x311.jpg 768w, https:\/\/cparici.com\/wp-content\/uploads\/2026\/04\/Clevacances-18x7.jpg 18w, https:\/\/cparici.com\/wp-content\/uploads\/2026\/04\/Clevacances-590x239.jpg 590w, https:\/\/cparici.com\/wp-content\/uploads\/2026\/04\/Clevacances-1200x486.jpg 1200w, https:\/\/cparici.com\/wp-content\/uploads\/2026\/04\/Clevacances-1320x535.jpg 1320w, https:\/\/cparici.com\/wp-content\/uploads\/2026\/04\/Clevacances-600x243.jpg 600w, https:\/\/cparici.com\/wp-content\/uploads\/2026\/04\/Clevacances.jpg 1536w\" sizes=\"(max-width: 577px) 100vw, 577px\" \/><span class=\"blog-item-tag\">Le Mag Tourisme<\/span>                        \n                        <div class=\"blog-compact-item-content\">\n                                                        <h3>Cl\u00e9vacances : guide complet du label et des locations en France<\/h3>\n                                                        <p>Recherches populaires Categories Pas de r\u00e9sultats Voir tous les r\u00e9sultats Cl\u00e9vacances : guide complet du...                            <\/p>\n                                                    <\/div>\n                    <\/div>\n                <\/a>\n            <\/div>\n\t\t\t<div class=\"col-md-4\">\n                <a href=\"https:\/\/cparici.com\/fr\/pms-hotelier-property-management-system\/\" class=\"blog-compact-item-container\">\n                    <div class=\"blog-compact-item\">\n                        <img decoding=\"async\" width=\"577\" height=\"212\" src=\"https:\/\/cparici.com\/wp-content\/uploads\/2026\/03\/PMS-Property-Management-System-fonctionnement-577x212.jpg\" class=\"attachment-listeo-blog-related-post size-listeo-blog-related-post wp-post-image\" alt=\"PMS Property Management System fonctionnement\" srcset=\"https:\/\/cparici.com\/wp-content\/uploads\/2026\/03\/PMS-Property-Management-System-fonctionnement-577x212.jpg 577w, https:\/\/cparici.com\/wp-content\/uploads\/2026\/03\/PMS-Property-Management-System-fonctionnement-300x110.jpg 300w, https:\/\/cparici.com\/wp-content\/uploads\/2026\/03\/PMS-Property-Management-System-fonctionnement-1024x377.jpg 1024w, https:\/\/cparici.com\/wp-content\/uploads\/2026\/03\/PMS-Property-Management-System-fonctionnement-768x283.jpg 768w, https:\/\/cparici.com\/wp-content\/uploads\/2026\/03\/PMS-Property-Management-System-fonctionnement-18x7.jpg 18w, https:\/\/cparici.com\/wp-content\/uploads\/2026\/03\/PMS-Property-Management-System-fonctionnement-590x217.jpg 590w, https:\/\/cparici.com\/wp-content\/uploads\/2026\/03\/PMS-Property-Management-System-fonctionnement-1200x441.jpg 1200w, https:\/\/cparici.com\/wp-content\/uploads\/2026\/03\/PMS-Property-Management-System-fonctionnement-1320x486.jpg 1320w, https:\/\/cparici.com\/wp-content\/uploads\/2026\/03\/PMS-Property-Management-System-fonctionnement-600x221.jpg 600w, https:\/\/cparici.com\/wp-content\/uploads\/2026\/03\/PMS-Property-Management-System-fonctionnement.jpg 1536w\" sizes=\"(max-width: 577px) 100vw, 577px\" \/><span class=\"blog-item-tag\">Le Mag Tourisme<\/span>                        \n                        <div class=\"blog-compact-item-content\">\n                                                        <h3>PMS h\u00f4telier : bien choisir votre Property Management System<\/h3>\n                                                        <p>Recherches populaires Categories Pas de r\u00e9sultats Voir tous les r\u00e9sultats PMS h\u00f4telier : bien choisir...                            <\/p>\n                                                    <\/div>\n                    <\/div>\n                <\/a>\n            <\/div>\n  <\/div>\n        <\/div>\n        \t\t\t\t<\/div>\n\t\t\t\t<\/div>\n\t\t\t\t\t<\/div>\n\t\t\t\t<\/aside>\n\t\t<div class=\"elementor-element elementor-element-4e90449b e-flex e-con-boxed e-con e-parent\" data-id=\"4e90449b\" data-element_type=\"container\" data-e-type=\"container\">\n\t\t\t\t\t<div class=\"e-con-inner\">\n\t\t<div class=\"elementor-element elementor-element-39a98a84 e-con-full e-flex e-con e-child\" data-id=\"39a98a84\" data-element_type=\"container\" data-e-type=\"container\">\n\t\t\t\t<div class=\"elementor-element elementor-element-cad5809 elementor-widget elementor-widget-text-editor\" data-id=\"cad5809\" data-element_type=\"widget\" data-e-type=\"widget\" data-widget_type=\"text-editor.default\">\n\t\t\t\t\t\t\t\t\t<p>Cet article a \u00e9t\u00e9 r\u00e9dig\u00e9 par Alex Arts,\u00a0<a href=\"https:\/\/alexantoine-photos.weebly.com\/\" target=\"_blank\" rel=\"noopener\">photographe<\/a>,\u00a0<a href=\"https:\/\/www.linkedin.com\/in\/alex-b-arts\/\" target=\"_blank\" rel=\"noopener\">cr\u00e9ateur de contenu<\/a>, et <a href=\"https:\/\/www.google.com\/maps\/contrib\/100986619723712834113\/reviews\/@45.8933481,-4.1449199,6z\/data=!4m3!8m2!3m1!1e1?entry=ttu&amp;g_ep=EgoyMDI1MTIwOS4wIKXMDSoKLDEwMDc5MjA2OUgBUAM%3D\" target=\"_blank\" rel=\"noopener\">guide local de niveau 6 sur Google Maps<\/a><\/p>\t\t\t\t\t\t\t\t<\/div>\n\t\t\t\t<div class=\"elementor-element elementor-element-6b73fac4 elementor-widget elementor-widget-author-box\" data-id=\"6b73fac4\" data-element_type=\"widget\" data-e-type=\"widget\" data-widget_type=\"author-box.default\">\n\t\t\t\t\t\t\t<div class=\"elementor-author-box\">\n\t\t\t\t\t\t\t<a href=\"https:\/\/www.linkedin.com\/in\/alex-b-arts\/\" class=\"elementor-author-box__avatar\" target=\"_blank\" rel=\"noopener\">\n\t\t\t\t\t<img decoding=\"async\" src=\"https:\/\/cparici.com\/wp-content\/uploads\/2024\/09\/photo-alex-arts-300x300.jpeg\" alt=\"Image de Alex Arts\" loading=\"lazy\">\n\t\t\t\t<\/a>\n\t\t\t\n\t\t\t<div class=\"elementor-author-box__text\">\n\t\t\t\t\t\t\t\t\t<a href=\"https:\/\/www.linkedin.com\/in\/alex-b-arts\/\" target=\"_blank\" rel=\"noopener\">\n\t\t\t\t\t\t<h4 class=\"elementor-author-box__name\">\n\t\t\t\t\t\t\tAlex Arts\t\t\t\t\t\t<\/h4>\n\t\t\t\t\t<\/a>\n\t\t\t\t\n\t\t\t\t\t\t\t\t\t<div class=\"elementor-author-box__bio\">\n\t\t\t\t\t\t<p>Photographe, cr\u00e9ateur de contenu et local guide<\/p>\n\t\t\t\t\t<\/div>\n\t\t\t\t\n\t\t\t\t\t\t\t<\/div>\n\t\t<\/div>\n\t\t\t\t\t\t<\/div>\n\t\t\t\t<\/div>\n\t\t\t\t\t<\/div>\n\t\t\t\t<\/div>\n\t\t\t\t<\/div>\n\t\t","protected":false},"excerpt":{"rendered":"<p>Recherches populaires Categories Pas de r\u00e9sultats Voir tous les r\u00e9sultats Labels location saisonni\u00e8re : comprendre leur r\u00f4le et leur importance R\u00e9sum\u00e9 AI Overviews Les labels location saisonni\u00e8re sont des dispositifs de certification touristique qui garantissent la qualit\u00e9, le confort et la fiabilit\u00e9 des h\u00e9bergements en France. Ils se divisent en plusieurs cat\u00e9gories : classement officiel, [&hellip;]<\/p>\n","protected":false},"author":97,"featured_media":87196,"comment_status":"closed","ping_status":"closed","sticky":false,"template":"elementor_header_footer","format":"standard","meta":{"ngg_post_thumbnail":0,"footnotes":""},"categories":[3026,2703],"tags":[],"class_list":["post-87154","post","type-post","status-publish","format-standard","has-post-thumbnail","hentry","category-le-mag-tourisme","category-tourisme"],"_links":{"self":[{"href":"https:\/\/cparici.com\/fr\/wp-json\/wp\/v2\/posts\/87154","targetHints":{"allow":["GET"]}}],"collection":[{"href":"https:\/\/cparici.com\/fr\/wp-json\/wp\/v2\/posts"}],"about":[{"href":"https:\/\/cparici.com\/fr\/wp-json\/wp\/v2\/types\/post"}],"author":[{"embeddable":true,"href":"https:\/\/cparici.com\/fr\/wp-json\/wp\/v2\/users\/97"}],"replies":[{"embeddable":true,"href":"https:\/\/cparici.com\/fr\/wp-json\/wp\/v2\/comments?post=87154"}],"version-history":[{"count":18,"href":"https:\/\/cparici.com\/fr\/wp-json\/wp\/v2\/posts\/87154\/revisions"}],"predecessor-version":[{"id":89725,"href":"https:\/\/cparici.com\/fr\/wp-json\/wp\/v2\/posts\/87154\/revisions\/89725"}],"wp:featuredmedia":[{"embeddable":true,"href":"https:\/\/cparici.com\/fr\/wp-json\/wp\/v2\/media\/87196"}],"wp:attachment":[{"href":"https:\/\/cparici.com\/fr\/wp-json\/wp\/v2\/media?parent=87154"}],"wp:term":[{"taxonomy":"category","embeddable":true,"href":"https:\/\/cparici.com\/fr\/wp-json\/wp\/v2\/categories?post=87154"},{"taxonomy":"post_tag","embeddable":true,"href":"https:\/\/cparici.com\/fr\/wp-json\/wp\/v2\/tags?post=87154"}],"curies":[{"name":"wp","href":"https:\/\/api.w.org\/{rel}","templated":true}]}}